{"id":9275,"date":"2017-01-10T09:51:56","date_gmt":"2017-01-10T12:51:56","guid":{"rendered":"http:\/\/www.fumssar.com.br\/?p=9275"},"modified":"2024-10-07T16:35:29","modified_gmt":"2024-10-07T19:35:29","slug":"grupo-do-hospital-sao-vicente-de-paulo-de-cruz-alta-veio-conhecer-o-sistema-da-fumssar","status":"publish","type":"post","link":"http:\/\/www.fumssar.com.br\/?p=9275","title":{"rendered":"Grupo do Hospital S\u00e3o Vicente de Paulo de Cruz Alta veio conhecer o sistema da FUMSSAR"},"content":{"rendered":"<p>\u00a0\u00a0\u00a0\u00a0\u00a0\u00a0\u00a0\u00a0\u00a0\u00a0\u00a0\u00a0\u00a0\u00a0\u00a0<\/p>\n<p>\u00a0\u00a0\u00a0\u00a0\u00a0\u00a0\u00a0\u00a0\u00a0\u00a0\u00a0\u00a0\u00a0\u00a0\u00a0 Um grupo formado por diretores, gerentes, advogado e membros do Conselho Gestor do Hospital S\u00e3o Vicente de Paulo de Cruz Alta, estiveram visitando \u00a0na tarde de segunda-feira,09, Funda\u00e7\u00e3o \u00a0Municipal de Sa\u00fade-FUMSSAR.<\/p>\n<p>\u00a0\u00a0\u00a0\u00a0\u00a0\u00a0\u00a0\u00a0\u00a0\u00a0\u00a0\u00a0\u00a0\u00a0\u00a0 O objetivo da visita foi conhecer o sistema de gest\u00e3o plena que o munic\u00edpio de Santa Possui na \u00e1rea da sa\u00fade. Para falar sobre o tema o presidente da FUMSSAR, Dr. Anderson Mantei\u00a0 convidou a servidora da 14\u00aa Coordenadoria Regional, Karina Kucharski e o diretor da rede complementar D\u00e9lcio Stefan. \u201cEstas duas pessoas possuem amplo conhecimento da implanta\u00e7\u00e3o da gest\u00e3o plena em Santa Rosa\u201d ,frisou Mantei aos visitantes.<\/p>\n","protected":false},"excerpt":{"rendered":"<p>\u00a0\u00a0\u00a0\u00a0\u00a0\u00a0\u00a0\u00a0\u00a0\u00a0\u00a0\u00a0\u00a0\u00a0\u00a0 \u00a0\u00a0\u00a0\u00a0\u00a0\u00a0\u00a0\u00a0\u00a0\u00a0\u00a0\u00a0\u00a0\u00a0\u00a0 Um grupo formado por diretores, gerentes, advogado e membros do Conselho Gestor do&#8230;<\/p>\n","protected":false},"author":11,"featured_media":9276,"comment_status":"open","ping_status":"open","sticky":false,"template":"","format":"standard","meta":{"footnotes":""},"categories":[2],"tags":[],"_links":{"self":[{"href":"http:\/\/www.fumssar.com.br\/index.php?rest_route=\/wp\/v2\/posts\/9275"}],"collection":[{"href":"http:\/\/www.fumssar.com.br\/index.php?rest_route=\/wp\/v2\/posts"}],"about":[{"href":"http:\/\/www.fumssar.com.br\/index.php?rest_route=\/wp\/v2\/types\/post"}],"author":[{"embeddable":true,"href":"http:\/\/www.fumssar.com.br\/index.php?rest_route=\/wp\/v2\/users\/11"}],"replies":[{"embeddable":true,"href":"http:\/\/www.fumssar.com.br\/index.php?rest_route=%2Fwp%2Fv2%2Fcomments&post=9275"}],"version-history":[{"count":1,"href":"http:\/\/www.fumssar.com.br\/index.php?rest_route=\/wp\/v2\/posts\/9275\/revisions"}],"predecessor-version":[{"id":9277,"href":"http:\/\/www.fumssar.com.br\/index.php?rest_route=\/wp\/v2\/posts\/9275\/revisions\/9277"}],"wp:featuredmedia":[{"embeddable":true,"href":"http:\/\/www.fumssar.com.br\/index.php?rest_route=\/wp\/v2\/media\/9276"}],"wp:attachment":[{"href":"http:\/\/www.fumssar.com.br\/index.php?rest_route=%2Fwp%2Fv2%2Fmedia&parent=9275"}],"wp:term":[{"taxonomy":"category","embeddable":true,"href":"http:\/\/www.fumssar.com.br\/index.php?rest_route=%2Fwp%2Fv2%2Fcategories&post=9275"},{"taxonomy":"post_tag","embeddable":true,"href":"http:\/\/www.fumssar.com.br\/index.php?rest_route=%2Fwp%2Fv2%2Ftags&post=9275"}],"curies":[{"name":"wp","href":"https:\/\/api.w.org\/{rel}","templated":true}]}}