{"id":9263,"date":"2017-01-02T13:59:51","date_gmt":"2017-01-02T16:59:51","guid":{"rendered":"http:\/\/www.fumssar.com.br\/?p=9263"},"modified":"2024-10-07T16:35:29","modified_gmt":"2024-10-07T19:35:29","slug":"anderson-mantei-tomou-posse-na-fumssar","status":"publish","type":"post","link":"http:\/\/www.fumssar.com.br\/?p=9263","title":{"rendered":"Anderson Mantei tomou posse na FUMSSAR"},"content":{"rendered":"<p>Em solenidade realizada na manh\u00e3 de segunda-feira, 02 o advogado Anderson Mantei tomou posse na Presid\u00eancia da Funda\u00e7\u00e3o Municipal de Sa\u00fade (FUMSSAR).<\/p>\n<p>\u00a0\u00a0\u00a0\u00a0\u00a0\u00a0\u00a0\u00a0\u00a0\u00a0\u00a0 Anderson foi empossado pelo Prefeito Alcides Vicini na presen\u00e7a de autoridades, lideran\u00e7as pol\u00edticas e servidores. Mantei, 50 anos foi Presidente do Hospital Vida &amp; Sa\u00fade por dez anos.<\/p>\n<p>\u00a0\u00a0\u00a0\u00a0\u00a0\u00a0\u00a0\u00a0\u00a0\u00a0\u00a0 O Prefeito Vicini ressaltou que est\u00e1 muito confiante na gest\u00e3o que o novo Presidente desenvolver na FUMSSAR. Para ele Anderson traz uma grande experi\u00eancia administrativa da \u00e1rea privada que ser\u00e1 muito \u00fatil no sistema p\u00fablico de sa\u00fade do munic\u00edpio. \u201cAgrade\u00e7o ao Anderson por ter aceitado este desafio e, sei que ele e toda a equipe far\u00e3o uma gest\u00e3o competente e austera, na \u00e1rea da sa\u00fade\u201d frisou o prefeito.<\/p>\n<p>\u00a0\u00a0\u00a0\u00a0\u00a0\u00a0\u00a0\u00a0\u00a0\u00a0\u00a0 \u00a0\u00a0\u00a0\u00a0\u00a0\u00a0\u00a0\u00a0\u00a0\u00a0\u00a0 O Presidente empossado Anderson Mantei destacou que pretende dar continuidade no trabalho que vem sido realizado, mas que pretende aperfei\u00e7oar mais a gest\u00e3o buscando a melhoria cont\u00ednua\u00a0 com planejamento e estrat\u00e9gicas. \u201cQuero implantar uma gest\u00e3o que busque a humaniza\u00e7\u00e3o e transpar\u00eancia ofertando um servi\u00e7o ainda mais qualificado \u00e0 nossa popula\u00e7\u00e3o\u201d ressaltou Mantei.<\/p>\n<p><a href=\"http:\/\/www.fumssar.com.br\/wp-content\/uploads\/2017\/01\/posse-mantei-3.jpg\"><img loading=\"lazy\" decoding=\"async\" class=\"alignnone size-medium wp-image-9265\" alt=\"posse mantei 3\" src=\"http:\/\/www.fumssar.com.br\/wp-content\/uploads\/2017\/01\/posse-mantei-3-300x240.jpg\" width=\"300\" height=\"240\" srcset=\"http:\/\/www.fumssar.com.br\/wp-content\/uploads\/2017\/01\/posse-mantei-3-300x240.jpg 300w, http:\/\/www.fumssar.com.br\/wp-content\/uploads\/2017\/01\/posse-mantei-3.jpg 533w\" sizes=\"(max-width: 300px) 100vw, 300px\" \/><\/a><a href=\"http:\/\/www.fumssar.com.br\/wp-content\/uploads\/2017\/01\/posse-mantei.jpg\"><img loading=\"lazy\" decoding=\"async\" class=\"alignnone size-medium wp-image-9266\" alt=\"posse mantei\" src=\"http:\/\/www.fumssar.com.br\/wp-content\/uploads\/2017\/01\/posse-mantei-300x199.jpg\" width=\"300\" height=\"199\" srcset=\"http:\/\/www.fumssar.com.br\/wp-content\/uploads\/2017\/01\/posse-mantei-300x199.jpg 300w, http:\/\/www.fumssar.com.br\/wp-content\/uploads\/2017\/01\/posse-mantei.jpg 800w\" sizes=\"(max-width: 300px) 100vw, 300px\" \/><\/a><\/p>\n","protected":false},"excerpt":{"rendered":"<p>Em solenidade realizada na manh\u00e3 de segunda-feira, 02 o advogado Anderson Mantei tomou posse na&#8230;<\/p>\n","protected":false},"author":11,"featured_media":9264,"comment_status":"open","ping_status":"open","sticky":false,"template":"","format":"standard","meta":{"footnotes":""},"categories":[2],"tags":[],"_links":{"self":[{"href":"http:\/\/www.fumssar.com.br\/index.php?rest_route=\/wp\/v2\/posts\/9263"}],"collection":[{"href":"http:\/\/www.fumssar.com.br\/index.php?rest_route=\/wp\/v2\/posts"}],"about":[{"href":"http:\/\/www.fumssar.com.br\/index.php?rest_route=\/wp\/v2\/types\/post"}],"author":[{"embeddable":true,"href":"http:\/\/www.fumssar.com.br\/index.php?rest_route=\/wp\/v2\/users\/11"}],"replies":[{"embeddable":true,"href":"http:\/\/www.fumssar.com.br\/index.php?rest_route=%2Fwp%2Fv2%2Fcomments&post=9263"}],"version-history":[{"count":1,"href":"http:\/\/www.fumssar.com.br\/index.php?rest_route=\/wp\/v2\/posts\/9263\/revisions"}],"predecessor-version":[{"id":9267,"href":"http:\/\/www.fumssar.com.br\/index.php?rest_route=\/wp\/v2\/posts\/9263\/revisions\/9267"}],"wp:featuredmedia":[{"embeddable":true,"href":"http:\/\/www.fumssar.com.br\/index.php?rest_route=\/wp\/v2\/media\/9264"}],"wp:attachment":[{"href":"http:\/\/www.fumssar.com.br\/index.php?rest_route=%2Fwp%2Fv2%2Fmedia&parent=9263"}],"wp:term":[{"taxonomy":"category","embeddable":true,"href":"http:\/\/www.fumssar.com.br\/index.php?rest_route=%2Fwp%2Fv2%2Fcategories&post=9263"},{"taxonomy":"post_tag","embeddable":true,"href":"http:\/\/www.fumssar.com.br\/index.php?rest_route=%2Fwp%2Fv2%2Ftags&post=9263"}],"curies":[{"name":"wp","href":"https:\/\/api.w.org\/{rel}","templated":true}]}}