{"id":3178,"date":"2014-12-16T19:03:30","date_gmt":"2014-12-16T19:03:30","guid":{"rendered":"http:\/\/www.fumssar.com.br\/?p=3178"},"modified":"2024-10-07T16:36:01","modified_gmt":"2024-10-07T19:36:01","slug":"cerest-fronteira-noroeste-completou-um-ano-e-ja-planeja-2015","status":"publish","type":"post","link":"http:\/\/www.fumssar.com.br\/?p=3178","title":{"rendered":"CEREST Fronteira Noroeste completou um ano e j\u00e1 planeja 2015"},"content":{"rendered":"<p>O Centro Regional de Refer\u00eancia em Sa\u00fade do Trabalhador-CEREST teve o plano de a\u00e7\u00e3o para 2015, aprovado pelo conselho gestor. Entre as diversas a\u00e7\u00f5es a serem desenvolvidas est\u00e3o realiza\u00e7\u00e3o de mapeamento de riscos com base em crit\u00e9rios epidemiol\u00f3gicos nos 22 munic\u00edpios de abrang\u00eancia do CEREST, al\u00e9m de projetos em \u00e1reas espec\u00edficas visando garantir a sa\u00fade do trabalhador. Nesta segunda-feira O CEREST completou sua equipe de profissionais com a contrata\u00e7\u00e3o de com um m\u00e9dico e uma fisioterapeuta. Tamb\u00e9m no mesmo dia assumiu a coordena\u00e7\u00e3o do centro a servidora Ivete Machado Felker que destacou o momento em a equipe ficou completa. O CEREST conta com: m\u00e9dico, fisioterapeuta, enfermeira, psic\u00f3loga, fonoaudi\u00f3loga, t\u00e9cnica em seguran\u00e7a do trabalho, t\u00e9cnica em enfermagem, agente administrativa e auxiliar de servi\u00e7os gerais. Ivete destacou que com esta equipe e um bom planejamento o CEREST ir\u00e1 aprimorar mais o trabalho na regi\u00e3o.<\/p>\n<p>O CEREST completou um ano de funcionamento no m\u00eas de novembro e entre muitas atividades desenvolvidas visitas \u00e0s metal\u00fargicas foram realizadas levando orienta\u00e7\u00f5es aos trabalhadores bem como em conjunto com o Laborat\u00f3rio da FUMSSAR, dentro das atividades do novembro azul centenas de coletas de exames de HIV e PSA forma feitas nas Metal\u00fargicas: Marks, Jama, Envall e Musskopf. Aldair Melchior que preside interinamente a Funda\u00e7\u00e3o Municipal de Sa\u00fade saudou a nova coordenadora, desejando muito \u00eaxito a toda a equipe.<\/p>\n","protected":false},"excerpt":{"rendered":"<p>O Centro Regional de Refer\u00eancia em Sa\u00fade do Trabalhador-CEREST teve o plano de a\u00e7\u00e3o para&#8230;<\/p>\n","protected":false},"author":11,"featured_media":3179,"comment_status":"open","ping_status":"open","sticky":false,"template":"","format":"standard","meta":{"footnotes":""},"categories":[2],"tags":[],"_links":{"self":[{"href":"http:\/\/www.fumssar.com.br\/index.php?rest_route=\/wp\/v2\/posts\/3178"}],"collection":[{"href":"http:\/\/www.fumssar.com.br\/index.php?rest_route=\/wp\/v2\/posts"}],"about":[{"href":"http:\/\/www.fumssar.com.br\/index.php?rest_route=\/wp\/v2\/types\/post"}],"author":[{"embeddable":true,"href":"http:\/\/www.fumssar.com.br\/index.php?rest_route=\/wp\/v2\/users\/11"}],"replies":[{"embeddable":true,"href":"http:\/\/www.fumssar.com.br\/index.php?rest_route=%2Fwp%2Fv2%2Fcomments&post=3178"}],"version-history":[{"count":1,"href":"http:\/\/www.fumssar.com.br\/index.php?rest_route=\/wp\/v2\/posts\/3178\/revisions"}],"predecessor-version":[{"id":3180,"href":"http:\/\/www.fumssar.com.br\/index.php?rest_route=\/wp\/v2\/posts\/3178\/revisions\/3180"}],"wp:featuredmedia":[{"embeddable":true,"href":"http:\/\/www.fumssar.com.br\/index.php?rest_route=\/wp\/v2\/media\/3179"}],"wp:attachment":[{"href":"http:\/\/www.fumssar.com.br\/index.php?rest_route=%2Fwp%2Fv2%2Fmedia&parent=3178"}],"wp:term":[{"taxonomy":"category","embeddable":true,"href":"http:\/\/www.fumssar.com.br\/index.php?rest_route=%2Fwp%2Fv2%2Fcategories&post=3178"},{"taxonomy":"post_tag","embeddable":true,"href":"http:\/\/www.fumssar.com.br\/index.php?rest_route=%2Fwp%2Fv2%2Ftags&post=3178"}],"curies":[{"name":"wp","href":"https:\/\/api.w.org\/{rel}","templated":true}]}}