{"id":3153,"date":"2014-12-09T18:48:48","date_gmt":"2014-12-09T18:48:48","guid":{"rendered":"http:\/\/www.fumssar.com.br\/?p=3153"},"modified":"2024-10-07T16:36:01","modified_gmt":"2024-10-07T19:36:01","slug":"servidores-da-fumssar-confraternizaram","status":"publish","type":"post","link":"http:\/\/www.fumssar.com.br\/?p=3153","title":{"rendered":"Servidores da FUMSSAR confraternizaram"},"content":{"rendered":"<p>Num clima muito familiar os servidores da Funda\u00e7\u00e3o Municipal\u00a0 de Sa\u00fade, realizaram um encontro de confraterniza\u00e7\u00e3o\u00a0 no s\u00e1bado,06.O evento foi realizado no restaurante central do Parque de Exposi\u00e7\u00f5es reunindo centenas de servidores e familiares, com muita descontra\u00e7\u00e3o e alegria. Al\u00e9m de um jantar a festa contou com brinquedos para crian\u00e7as, sorteio de brindes e baile animado pela Banda CIA Alto Astral. O presidente em exerc\u00edcio Aldair Melchior em sua acolhida aos presentes destacou a import\u00e2ncia do momento de os servidores poderem ficar a vontade e descontra\u00eddos, uma vez que muitos trabalham em locais distantes n\u00e3o tendo contatos frequentes. Dr. Lu\u00eds Ant\u00f4nio Benvegn\u00fa que na ocasi\u00e3o exercia o cargo de Prefeito, ressaltou a import\u00e2ncia do trabalho que os servidores da FUMSSAR\u00a0 prestam \u00e0 popula\u00e7\u00e3o do munic\u00edpio, levando uma sa\u00fade comprometida com o cidad\u00e3o.<\/p>\n<p><a href=\"http:\/\/www.fumssar.com.br\/wp-content\/uploads\/2014\/12\/festa-parque-2.jpg\"><img loading=\"lazy\" decoding=\"async\" class=\"alignnone size-medium wp-image-3155\" alt=\"festa parque 2\" src=\"http:\/\/www.fumssar.com.br\/wp-content\/uploads\/2014\/12\/festa-parque-2-300x225.jpg\" width=\"300\" height=\"225\" srcset=\"http:\/\/www.fumssar.com.br\/wp-content\/uploads\/2014\/12\/festa-parque-2-300x225.jpg 300w, http:\/\/www.fumssar.com.br\/wp-content\/uploads\/2014\/12\/festa-parque-2.jpg 640w\" sizes=\"(max-width: 300px) 100vw, 300px\" \/><\/a><a href=\"http:\/\/www.fumssar.com.br\/wp-content\/uploads\/2014\/12\/festa-parque-3.jpg\"><img loading=\"lazy\" decoding=\"async\" class=\"alignnone size-medium wp-image-3156\" alt=\"festa parque 3\" src=\"http:\/\/www.fumssar.com.br\/wp-content\/uploads\/2014\/12\/festa-parque-3-300x225.jpg\" width=\"300\" height=\"225\" srcset=\"http:\/\/www.fumssar.com.br\/wp-content\/uploads\/2014\/12\/festa-parque-3-300x225.jpg 300w, http:\/\/www.fumssar.com.br\/wp-content\/uploads\/2014\/12\/festa-parque-3.jpg 800w\" sizes=\"(max-width: 300px) 100vw, 300px\" \/><\/a><\/p>\n<p>&nbsp;<\/p>\n<p>&nbsp;<\/p>\n<p>&nbsp;<\/p>\n<p>.<\/p>\n","protected":false},"excerpt":{"rendered":"<p>Num clima muito familiar os servidores da Funda\u00e7\u00e3o Municipal\u00a0 de Sa\u00fade, realizaram um encontro de&#8230;<\/p>\n","protected":false},"author":11,"featured_media":3154,"comment_status":"open","ping_status":"open","sticky":false,"template":"","format":"standard","meta":{"footnotes":""},"categories":[2],"tags":[],"_links":{"self":[{"href":"http:\/\/www.fumssar.com.br\/index.php?rest_route=\/wp\/v2\/posts\/3153"}],"collection":[{"href":"http:\/\/www.fumssar.com.br\/index.php?rest_route=\/wp\/v2\/posts"}],"about":[{"href":"http:\/\/www.fumssar.com.br\/index.php?rest_route=\/wp\/v2\/types\/post"}],"author":[{"embeddable":true,"href":"http:\/\/www.fumssar.com.br\/index.php?rest_route=\/wp\/v2\/users\/11"}],"replies":[{"embeddable":true,"href":"http:\/\/www.fumssar.com.br\/index.php?rest_route=%2Fwp%2Fv2%2Fcomments&post=3153"}],"version-history":[{"count":2,"href":"http:\/\/www.fumssar.com.br\/index.php?rest_route=\/wp\/v2\/posts\/3153\/revisions"}],"predecessor-version":[{"id":3158,"href":"http:\/\/www.fumssar.com.br\/index.php?rest_route=\/wp\/v2\/posts\/3153\/revisions\/3158"}],"wp:featuredmedia":[{"embeddable":true,"href":"http:\/\/www.fumssar.com.br\/index.php?rest_route=\/wp\/v2\/media\/3154"}],"wp:attachment":[{"href":"http:\/\/www.fumssar.com.br\/index.php?rest_route=%2Fwp%2Fv2%2Fmedia&parent=3153"}],"wp:term":[{"taxonomy":"category","embeddable":true,"href":"http:\/\/www.fumssar.com.br\/index.php?rest_route=%2Fwp%2Fv2%2Fcategories&post=3153"},{"taxonomy":"post_tag","embeddable":true,"href":"http:\/\/www.fumssar.com.br\/index.php?rest_route=%2Fwp%2Fv2%2Ftags&post=3153"}],"curies":[{"name":"wp","href":"https:\/\/api.w.org\/{rel}","templated":true}]}}