{"id":2797,"date":"2014-11-18T16:20:40","date_gmt":"2014-11-18T16:20:40","guid":{"rendered":"http:\/\/www.fumssar.com.br\/?p=2797"},"modified":"2014-11-25T16:59:21","modified_gmt":"2014-11-25T16:59:21","slug":"tomada-de-preco-082014","status":"publish","type":"post","link":"http:\/\/www.fumssar.com.br\/?p=2797","title":{"rendered":"Tomada de Pre\u00e7o 08\/2014 &#8211; Prorrogada"},"content":{"rendered":"<p><b>Tomada de Pre\u00e7o 08\/2014<\/b> \u2013 A presente licita\u00e7\u00e3o destina-se \u00e0 escolha da melhor proposta de pre\u00e7os para a contrata\u00e7\u00e3o de empresa especializada para a constru\u00e7\u00e3o da Unidade B\u00e1sica de Sa\u00fade Agr\u00edcola, no endere\u00e7o: Rua Benvindo Giordani, s\/n Vila Agr\u00edcola, nesta cidade de Santa Rosa\/RS.<\/p>\n<p><strong>Alterada a data de abertura e o valor m\u00e1ximo aceit\u00e1vel (anexo I)<\/strong><\/p>\n<p><b>Abertura alterada para o dia 26\/11\/2014 \u00e0s 10 horas <\/b><\/p>\n<p><a href=\"http:\/\/www.fumssar.com.br\/wp-content\/uploads\/2014\/11\/TP-08-14-Unidade-da-UBS-Agricola.pdf\">TP 08-14 Unidade da UBS Agricola<\/a><\/p>\n<p><a href=\"http:\/\/www.fumssar.com.br\/wp-content\/uploads\/2014\/11\/UBS_AGRICOLA_ARQUITETURA_1_4.pdf\">UBS_AGRICOLA_ARQUITETURA_1_4<\/a><\/p>\n<p><a href=\"http:\/\/www.fumssar.com.br\/wp-content\/uploads\/2014\/11\/UBS_AGRICOLA_ARQUITETURA_2_4.pdf\">UBS_AGRICOLA_ARQUITETURA_2_4<\/a><\/p>\n<p><a href=\"http:\/\/www.fumssar.com.br\/wp-content\/uploads\/2014\/11\/UBS_AGRICOLA_ARQUITETURA_3_4.pdf\">UBS_AGRICOLA_ARQUITETURA_3_4<\/a><\/p>\n<p><a href=\"http:\/\/www.fumssar.com.br\/wp-content\/uploads\/2014\/11\/UBS_AGRICOLA_ARQUITETURA_4_4.pdf\">UBS_AGRICOLA_ARQUITETURA_4_4<\/a><\/p>\n<p><a href=\"http:\/\/www.fumssar.com.br\/wp-content\/uploads\/2014\/11\/ORC_UBS_AGRICOLA_S_PRECOS1.xls\">ORC_UBS_AGRICOLA_S_PRECOS<\/a><\/p>\n<p><a href=\"http:\/\/www.fumssar.com.br\/wp-content\/uploads\/2014\/11\/ORC_CRONO_UBS_AGRICOLA_C_PRECOS_ALTERADA.xls\">ORC_CRONO_UBS_AGRICOLA_C_PRECOS_ALTERADA<\/a><\/p>\n<p><a href=\"http:\/\/www.fumssar.com.br\/wp-content\/uploads\/2014\/11\/Novo-Posto-Agricola-Cabeamento-Estruturado-e-Rede-Estabilizada-Model.pdf\">Novo Posto Agricola Cabeamento Estruturado e Rede Estabilizada-Model<\/a><\/p>\n<p>&nbsp;<\/p>\n","protected":false},"excerpt":{"rendered":"<p>Tomada de Pre\u00e7o 08\/2014 \u2013 A presente licita\u00e7\u00e3o destina-se \u00e0 escolha da melhor proposta de&#8230;<\/p>\n","protected":false},"author":7,"featured_media":0,"comment_status":"open","ping_status":"open","sticky":false,"template":"","format":"standard","meta":{"footnotes":""},"categories":[25],"tags":[],"_links":{"self":[{"href":"http:\/\/www.fumssar.com.br\/index.php?rest_route=\/wp\/v2\/posts\/2797"}],"collection":[{"href":"http:\/\/www.fumssar.com.br\/index.php?rest_route=\/wp\/v2\/posts"}],"about":[{"href":"http:\/\/www.fumssar.com.br\/index.php?rest_route=\/wp\/v2\/types\/post"}],"author":[{"embeddable":true,"href":"http:\/\/www.fumssar.com.br\/index.php?rest_route=\/wp\/v2\/users\/7"}],"replies":[{"embeddable":true,"href":"http:\/\/www.fumssar.com.br\/index.php?rest_route=%2Fwp%2Fv2%2Fcomments&post=2797"}],"version-history":[{"count":7,"href":"http:\/\/www.fumssar.com.br\/index.php?rest_route=\/wp\/v2\/posts\/2797\/revisions"}],"predecessor-version":[{"id":2928,"href":"http:\/\/www.fumssar.com.br\/index.php?rest_route=\/wp\/v2\/posts\/2797\/revisions\/2928"}],"wp:attachment":[{"href":"http:\/\/www.fumssar.com.br\/index.php?rest_route=%2Fwp%2Fv2%2Fmedia&parent=2797"}],"wp:term":[{"taxonomy":"category","embeddable":true,"href":"http:\/\/www.fumssar.com.br\/index.php?rest_route=%2Fwp%2Fv2%2Fcategories&post=2797"},{"taxonomy":"post_tag","embeddable":true,"href":"http:\/\/www.fumssar.com.br\/index.php?rest_route=%2Fwp%2Fv2%2Ftags&post=2797"}],"curies":[{"name":"wp","href":"https:\/\/api.w.org\/{rel}","templated":true}]}}