{"id":2439,"date":"2014-09-15T13:25:11","date_gmt":"2014-09-15T13:25:11","guid":{"rendered":"http:\/\/www.fumssar.com.br\/?p=2439"},"modified":"2024-10-07T16:36:16","modified_gmt":"2024-10-07T19:36:16","slug":"hemocentro-recebeu-doadores-do-vida-saude","status":"publish","type":"post","link":"http:\/\/www.fumssar.com.br\/?p=2439","title":{"rendered":"HEMOCENTRO Recebeu Doadores do Vida &amp;Sa\u00fade"},"content":{"rendered":"<p><a href=\"http:\/\/www.fumssar.com.br\/wp-content\/uploads\/2014\/09\/doa\u00e7ao-2.jpg\"><img loading=\"lazy\" decoding=\"async\" class=\"alignnone size-medium wp-image-2441\" alt=\"doa\u00e7ao 2\" src=\"http:\/\/www.fumssar.com.br\/wp-content\/uploads\/2014\/09\/doa\u00e7ao-2-300x225.jpg\" width=\"300\" height=\"225\" srcset=\"http:\/\/www.fumssar.com.br\/wp-content\/uploads\/2014\/09\/doa\u00e7ao-2-300x225.jpg 300w, http:\/\/www.fumssar.com.br\/wp-content\/uploads\/2014\/09\/doa\u00e7ao-2.jpg 640w\" sizes=\"(max-width: 300px) 100vw, 300px\" \/><\/a>A equipe de servidores do HEMOCENTRO recebeu na manh\u00e3 deste s\u00e1bado um n\u00famero expressivo de doadores de sangue. Funcion\u00e1rios do Hospital Vida &amp; Sa\u00fade foram mobilizados para realizarem a doa\u00e7\u00e3o. Segundo Josiane Aquino gerente do Hemocentro a parceria firmada entre as duas institui\u00e7\u00f5es teve como objetivo a reposi\u00e7\u00e3o do estoque de sangue, uma vez que o Hospital Vida &amp; Sa\u00fade \u00e9 um dos maiores consumidores da regi\u00e3o devido a grande demanda de atendimentos feitos na institui\u00e7\u00e3o. A gerente afirmou que no s\u00e1bado a coleta realizada foi de cinquenta bolsas um n\u00famero significativo segundo ela. Josiane destacou ainda que a maior parte das doa\u00e7\u00f5es s\u00e3o realizadas nas coletas externas que s\u00e3o realizadas todas as sextas-feiras, onde uma equipe do Hemocentro desloca-se a um munic\u00edpio da regi\u00e3o em busca de doa\u00e7\u00f5es.<\/p>\n<p>A a\u00e7\u00e3o foi acompanhada pelo presidente da Funda\u00e7\u00e3o Municipal de Sa\u00fade Dr. Lu\u00eds Ant\u00f4nio Benvegn\u00fa e pelo presidente do Hospital Vida&amp; Sa\u00fade Anderson Mantei. Benvegn\u00fa destacou a import\u00e2ncia destas mobiliza\u00e7\u00f5es que visam \u00e0 coleta de sangue, o presidente ressaltou ainda que o Hemocentro de Santa Rosa \u00e9 regional e atende a um grande n\u00famero de hospitais da regi\u00e3o, e necessita manter um estoque regular de sangue.<\/p>\n<p align=\"center\"><b>\u00a0<\/b><\/p>\n","protected":false},"excerpt":{"rendered":"<p>A equipe de servidores do HEMOCENTRO recebeu na manh\u00e3 deste s\u00e1bado um n\u00famero expressivo de&#8230;<\/p>\n","protected":false},"author":11,"featured_media":2440,"comment_status":"open","ping_status":"open","sticky":false,"template":"","format":"standard","meta":{"footnotes":""},"categories":[2],"tags":[],"_links":{"self":[{"href":"http:\/\/www.fumssar.com.br\/index.php?rest_route=\/wp\/v2\/posts\/2439"}],"collection":[{"href":"http:\/\/www.fumssar.com.br\/index.php?rest_route=\/wp\/v2\/posts"}],"about":[{"href":"http:\/\/www.fumssar.com.br\/index.php?rest_route=\/wp\/v2\/types\/post"}],"author":[{"embeddable":true,"href":"http:\/\/www.fumssar.com.br\/index.php?rest_route=\/wp\/v2\/users\/11"}],"replies":[{"embeddable":true,"href":"http:\/\/www.fumssar.com.br\/index.php?rest_route=%2Fwp%2Fv2%2Fcomments&post=2439"}],"version-history":[{"count":1,"href":"http:\/\/www.fumssar.com.br\/index.php?rest_route=\/wp\/v2\/posts\/2439\/revisions"}],"predecessor-version":[{"id":2442,"href":"http:\/\/www.fumssar.com.br\/index.php?rest_route=\/wp\/v2\/posts\/2439\/revisions\/2442"}],"wp:featuredmedia":[{"embeddable":true,"href":"http:\/\/www.fumssar.com.br\/index.php?rest_route=\/wp\/v2\/media\/2440"}],"wp:attachment":[{"href":"http:\/\/www.fumssar.com.br\/index.php?rest_route=%2Fwp%2Fv2%2Fmedia&parent=2439"}],"wp:term":[{"taxonomy":"category","embeddable":true,"href":"http:\/\/www.fumssar.com.br\/index.php?rest_route=%2Fwp%2Fv2%2Fcategories&post=2439"},{"taxonomy":"post_tag","embeddable":true,"href":"http:\/\/www.fumssar.com.br\/index.php?rest_route=%2Fwp%2Fv2%2Ftags&post=2439"}],"curies":[{"name":"wp","href":"https:\/\/api.w.org\/{rel}","templated":true}]}}