{"id":2365,"date":"2014-09-05T14:01:51","date_gmt":"2014-09-05T14:01:51","guid":{"rendered":"http:\/\/www.fumssar.com.br\/?p=2365"},"modified":"2024-10-07T16:36:17","modified_gmt":"2024-10-07T19:36:17","slug":"fumssar-esta-selecionando-estagiarios","status":"publish","type":"post","link":"http:\/\/www.fumssar.com.br\/?p=2365","title":{"rendered":"FUMSSAR Est\u00e1 Selecionando Estagi\u00e1rios"},"content":{"rendered":"<p>A Funda\u00e7\u00e3o Municipal de Sa\u00fade \u2013FUMSSAR est\u00e1\u00a0 selecionando estagi\u00e1rios para a presta\u00e7\u00e3o de servi\u00e7os na institui\u00e7\u00e3o. Os cargos dispon\u00edveis s\u00e3o para as \u00e1reas de: engenharia, farm\u00e1cia, Inform\u00e1tica e administrativa. Os \u00a0candidatos \u00a0ter\u00e3o que ser brasileiros ou naturalizados com idade m\u00ednima de 16 anos e estarem regularmente matriculados em institui\u00e7\u00e3o de ensino condizente com o curso na fun\u00e7\u00e3o escolhida. O prazo para \u00a0inscri\u00e7\u00f5es \u00e9 at\u00e9 o dia 10 de setembro pr\u00f3ximo, no Centro de integra\u00e7\u00e3o Empresa Escola-CIEE. Aldair Melchior, Diretor de Gest\u00e3o Administrativa \u00a0da FUMSSAR, destaca que os servi\u00e7os prestados por estagi\u00e1rios contribuem muito para o bom andamento dos trabalhos, al\u00e9m de permitir aos jovens um aprendizado para a constru\u00e7\u00e3o da forma\u00e7\u00e3o. Maiores informa\u00e7\u00f5es na p\u00e1gina eletr\u00f4nica: <a href=\"http:\/\/www.fumssar.com.br\">www.fumssar.com.br<\/a>.<\/p>\n","protected":false},"excerpt":{"rendered":"<p>A Funda\u00e7\u00e3o Municipal de Sa\u00fade \u2013FUMSSAR est\u00e1\u00a0 selecionando estagi\u00e1rios para a presta\u00e7\u00e3o de servi\u00e7os na&#8230;<\/p>\n","protected":false},"author":11,"featured_media":2366,"comment_status":"open","ping_status":"open","sticky":false,"template":"","format":"standard","meta":{"footnotes":""},"categories":[2],"tags":[],"_links":{"self":[{"href":"http:\/\/www.fumssar.com.br\/index.php?rest_route=\/wp\/v2\/posts\/2365"}],"collection":[{"href":"http:\/\/www.fumssar.com.br\/index.php?rest_route=\/wp\/v2\/posts"}],"about":[{"href":"http:\/\/www.fumssar.com.br\/index.php?rest_route=\/wp\/v2\/types\/post"}],"author":[{"embeddable":true,"href":"http:\/\/www.fumssar.com.br\/index.php?rest_route=\/wp\/v2\/users\/11"}],"replies":[{"embeddable":true,"href":"http:\/\/www.fumssar.com.br\/index.php?rest_route=%2Fwp%2Fv2%2Fcomments&post=2365"}],"version-history":[{"count":1,"href":"http:\/\/www.fumssar.com.br\/index.php?rest_route=\/wp\/v2\/posts\/2365\/revisions"}],"predecessor-version":[{"id":2367,"href":"http:\/\/www.fumssar.com.br\/index.php?rest_route=\/wp\/v2\/posts\/2365\/revisions\/2367"}],"wp:featuredmedia":[{"embeddable":true,"href":"http:\/\/www.fumssar.com.br\/index.php?rest_route=\/wp\/v2\/media\/2366"}],"wp:attachment":[{"href":"http:\/\/www.fumssar.com.br\/index.php?rest_route=%2Fwp%2Fv2%2Fmedia&parent=2365"}],"wp:term":[{"taxonomy":"category","embeddable":true,"href":"http:\/\/www.fumssar.com.br\/index.php?rest_route=%2Fwp%2Fv2%2Fcategories&post=2365"},{"taxonomy":"post_tag","embeddable":true,"href":"http:\/\/www.fumssar.com.br\/index.php?rest_route=%2Fwp%2Fv2%2Ftags&post=2365"}],"curies":[{"name":"wp","href":"https:\/\/api.w.org\/{rel}","templated":true}]}}