{"id":2301,"date":"2014-08-26T13:06:13","date_gmt":"2014-08-26T13:06:13","guid":{"rendered":"http:\/\/www.fumssar.com.br\/?p=2301"},"modified":"2024-10-07T16:36:17","modified_gmt":"2024-10-07T19:36:17","slug":"unidade-basica-de-saude-da-planalto-de-aniversario","status":"publish","type":"post","link":"http:\/\/www.fumssar.com.br\/?p=2301","title":{"rendered":"Unidade B\u00e1sica de Sa\u00fade da Planalto de anivers\u00e1rio"},"content":{"rendered":"<p>Na segunda-feira (25) a Unidade B\u00e1sica de Sa\u00fade da Fam\u00edlia da Planalto completou 19 anos de funda\u00e7\u00e3o na comunidade. A unidade que foi inaugurada em 1995 atende atualmente h\u00e1 cerca de cinco mil pessoas dentro de sua \u00e1rea adstrita.\u00a0 Os usu\u00e1rios da unidade encontram servi\u00e7os de sa\u00fade\u00a0 oferecidos por grupo de cerca de vinte servidores divididos em diversas categorias tais como: M\u00e9dicos, enfermeiros, psic\u00f3logo, nutricionista, educador f\u00edsico, terapeuta ocupacional t\u00e9cnicos de enfermagem , auxiliar\u00a0 de consult\u00f3rio dent\u00e1rio, residentes e outros profissionais da rede que quando solicitados atendem a comunidade.<\/p>\n<p>Loreci Pires de Almeida coordenadora da unidade relata que\u00a0 ela presta servi\u00e7os h\u00e1 oito anos naquela comunidade e que neste per\u00edodo muita coisa evoluiu. A coordenadora destaca ainda\u00a0 a dedica\u00e7\u00e3o da equipe que atualmente presta servi\u00e7os\u00a0 dedicando-se\u00a0 diariamente \u00a0\u00e0 demanda de usu\u00e1rios da unidade. A Unidade passa por reforma e amplia\u00e7\u00e3o e em breve ter\u00e1 novas instala\u00e7\u00f5es que ir\u00e3o beneficiar a comunidade com um atendimento ainda mais qualificado. O Presidente da Funda\u00e7\u00e3o Municipal de Sa\u00fade, Dr. Lu\u00eds Ant\u00f4nio Benvegn\u00fa e a Diretora\u00a0 de Gest\u00e3o Prim\u00e1ria, Vera Both estiveram na unidade para confraternizar a data com a equipe.<\/p>\n","protected":false},"excerpt":{"rendered":"<p>Na segunda-feira (25) a Unidade B\u00e1sica de Sa\u00fade da Fam\u00edlia da Planalto completou 19 anos&#8230;<\/p>\n","protected":false},"author":11,"featured_media":2302,"comment_status":"open","ping_status":"open","sticky":false,"template":"","format":"standard","meta":{"footnotes":""},"categories":[2],"tags":[],"_links":{"self":[{"href":"http:\/\/www.fumssar.com.br\/index.php?rest_route=\/wp\/v2\/posts\/2301"}],"collection":[{"href":"http:\/\/www.fumssar.com.br\/index.php?rest_route=\/wp\/v2\/posts"}],"about":[{"href":"http:\/\/www.fumssar.com.br\/index.php?rest_route=\/wp\/v2\/types\/post"}],"author":[{"embeddable":true,"href":"http:\/\/www.fumssar.com.br\/index.php?rest_route=\/wp\/v2\/users\/11"}],"replies":[{"embeddable":true,"href":"http:\/\/www.fumssar.com.br\/index.php?rest_route=%2Fwp%2Fv2%2Fcomments&post=2301"}],"version-history":[{"count":1,"href":"http:\/\/www.fumssar.com.br\/index.php?rest_route=\/wp\/v2\/posts\/2301\/revisions"}],"predecessor-version":[{"id":2303,"href":"http:\/\/www.fumssar.com.br\/index.php?rest_route=\/wp\/v2\/posts\/2301\/revisions\/2303"}],"wp:featuredmedia":[{"embeddable":true,"href":"http:\/\/www.fumssar.com.br\/index.php?rest_route=\/wp\/v2\/media\/2302"}],"wp:attachment":[{"href":"http:\/\/www.fumssar.com.br\/index.php?rest_route=%2Fwp%2Fv2%2Fmedia&parent=2301"}],"wp:term":[{"taxonomy":"category","embeddable":true,"href":"http:\/\/www.fumssar.com.br\/index.php?rest_route=%2Fwp%2Fv2%2Fcategories&post=2301"},{"taxonomy":"post_tag","embeddable":true,"href":"http:\/\/www.fumssar.com.br\/index.php?rest_route=%2Fwp%2Fv2%2Ftags&post=2301"}],"curies":[{"name":"wp","href":"https:\/\/api.w.org\/{rel}","templated":true}]}}