{"id":21323,"date":"2022-06-17T09:05:58","date_gmt":"2022-06-17T12:05:58","guid":{"rendered":"http:\/\/www.fumssar.com.br\/?p=21323"},"modified":"2024-10-07T16:33:16","modified_gmt":"2024-10-07T19:33:16","slug":"obra-de-ampliacao-na-ubs-cruzeiro","status":"publish","type":"post","link":"http:\/\/www.fumssar.com.br\/?p=21323","title":{"rendered":"Obra de amplia\u00e7\u00e3o na UBS Cruzeiro"},"content":{"rendered":"\n<figure class=\"wp-block-image\"><img loading=\"lazy\" decoding=\"async\" width=\"1024\" height=\"768\" src=\"http:\/\/www.fumssar.com.br\/wp-content\/uploads\/2022\/06\/WhatsApp-Image-2022-06-17-at-09.00.17-1-1024x768.jpeg\" alt=\"\" class=\"wp-image-21324\" srcset=\"http:\/\/www.fumssar.com.br\/wp-content\/uploads\/2022\/06\/WhatsApp-Image-2022-06-17-at-09.00.17-1-1024x768.jpeg 1024w, http:\/\/www.fumssar.com.br\/wp-content\/uploads\/2022\/06\/WhatsApp-Image-2022-06-17-at-09.00.17-1-300x225.jpeg 300w, http:\/\/www.fumssar.com.br\/wp-content\/uploads\/2022\/06\/WhatsApp-Image-2022-06-17-at-09.00.17-1-768x576.jpeg 768w, http:\/\/www.fumssar.com.br\/wp-content\/uploads\/2022\/06\/WhatsApp-Image-2022-06-17-at-09.00.17-1.jpeg 1156w\" sizes=\"(max-width: 1024px) 100vw, 1024px\" \/><\/figure>\n\n\n\n<p>O Prefeito Anderson Mantei assinou nesta semana, o contrato para a amplia\u00e7\u00e3o da Unidade B\u00e1sica de Sa\u00fade Cruzeiro. Ao todo, v\u00e3o ser ampliados 212,52 m\u00b2 de \u00e1rea da UBS. O prazo de execu\u00e7\u00e3o \u00e9 de 120 dias corridos, conforme contrato. Estavam presentes no ato da assinatura, o Presidente da Funda\u00e7\u00e3o Municipal de Sa\u00fade de Santa Rosa, D\u00e9lcio Stefan, o Secret\u00e1rio de Planejamento e Habita\u00e7\u00e3o, Cl\u00e1udio Franke e representantes da empresa contratada.<\/p>\n\n\n\n<p><br>O projeto contempla a constru\u00e7\u00e3o de um novo pavimento com: 03 consult\u00f3rios, 02 salas de atendimentos para grupos, copa, dep\u00f3sito, recep\u00e7\u00e3o e 02 banheiros. O Prefeito Anderson Mantei, destacou a import\u00e2ncia da obra para a comunidade, \u201cEstamos muito contentes com esta amplia\u00e7\u00e3o que vai ser realizada na UBS Cruzeiro. \u00c9 um dos maiores bairros da nossa cidade e que agora, ser\u00e1 contemplado com esta obra que vai trazer muitos benef\u00edcios e melhor atender a popula\u00e7\u00e3o\u201d. O valor total do investimento \u00e9 de R$373.554,21, sendo, R$350.000,00 de Recurso Estadual &#8211; Rede Bem Cuidar RS e R$23.554,21 de Recurso Livre destinado \u00e0 A\u00e7\u00f5es e Servi\u00e7os P\u00fablicos de Sa\u00fade &#8211; ASPS. A empresa respons\u00e1vel pela obra \u00e9 a: Brabol Arquitetura e Constru\u00e7\u00f5es LTDA. <\/p>\n","protected":false},"excerpt":{"rendered":"<p>O Prefeito Anderson Mantei assinou nesta semana, o contrato para a amplia\u00e7\u00e3o da Unidade B\u00e1sica&#8230;<\/p>\n","protected":false},"author":36,"featured_media":21324,"comment_status":"closed","ping_status":"closed","sticky":false,"template":"","format":"standard","meta":{"footnotes":""},"categories":[2],"tags":[],"_links":{"self":[{"href":"http:\/\/www.fumssar.com.br\/index.php?rest_route=\/wp\/v2\/posts\/21323"}],"collection":[{"href":"http:\/\/www.fumssar.com.br\/index.php?rest_route=\/wp\/v2\/posts"}],"about":[{"href":"http:\/\/www.fumssar.com.br\/index.php?rest_route=\/wp\/v2\/types\/post"}],"author":[{"embeddable":true,"href":"http:\/\/www.fumssar.com.br\/index.php?rest_route=\/wp\/v2\/users\/36"}],"replies":[{"embeddable":true,"href":"http:\/\/www.fumssar.com.br\/index.php?rest_route=%2Fwp%2Fv2%2Fcomments&post=21323"}],"version-history":[{"count":1,"href":"http:\/\/www.fumssar.com.br\/index.php?rest_route=\/wp\/v2\/posts\/21323\/revisions"}],"predecessor-version":[{"id":21325,"href":"http:\/\/www.fumssar.com.br\/index.php?rest_route=\/wp\/v2\/posts\/21323\/revisions\/21325"}],"wp:featuredmedia":[{"embeddable":true,"href":"http:\/\/www.fumssar.com.br\/index.php?rest_route=\/wp\/v2\/media\/21324"}],"wp:attachment":[{"href":"http:\/\/www.fumssar.com.br\/index.php?rest_route=%2Fwp%2Fv2%2Fmedia&parent=21323"}],"wp:term":[{"taxonomy":"category","embeddable":true,"href":"http:\/\/www.fumssar.com.br\/index.php?rest_route=%2Fwp%2Fv2%2Fcategories&post=21323"},{"taxonomy":"post_tag","embeddable":true,"href":"http:\/\/www.fumssar.com.br\/index.php?rest_route=%2Fwp%2Fv2%2Ftags&post=21323"}],"curies":[{"name":"wp","href":"https:\/\/api.w.org\/{rel}","templated":true}]}}