{"id":21270,"date":"2022-06-08T17:24:35","date_gmt":"2022-06-08T20:24:35","guid":{"rendered":"http:\/\/www.fumssar.com.br\/?p=21270"},"modified":"2024-10-07T16:33:16","modified_gmt":"2024-10-07T19:33:16","slug":"academica-de-nutricao-realiza-atividades-de-educacao-alimentar-e-nutricional-com-alunos-da-rede-publica","status":"publish","type":"post","link":"http:\/\/www.fumssar.com.br\/?p=21270","title":{"rendered":"Acad\u00eamica de nutri\u00e7\u00e3o realiza atividades de Educa\u00e7\u00e3o Alimentar e Nutricional com alunos da rede p\u00fablica"},"content":{"rendered":"\n<figure class=\"wp-block-image\"><img loading=\"lazy\" decoding=\"async\" width=\"1024\" height=\"684\" src=\"http:\/\/www.fumssar.com.br\/wp-content\/uploads\/2022\/06\/WhatsApp-Image-2022-06-02-at-15.49.33-1024x684.jpeg\" alt=\"\" class=\"wp-image-21271\" srcset=\"http:\/\/www.fumssar.com.br\/wp-content\/uploads\/2022\/06\/WhatsApp-Image-2022-06-02-at-15.49.33-1024x684.jpeg 1024w, http:\/\/www.fumssar.com.br\/wp-content\/uploads\/2022\/06\/WhatsApp-Image-2022-06-02-at-15.49.33-300x200.jpeg 300w, http:\/\/www.fumssar.com.br\/wp-content\/uploads\/2022\/06\/WhatsApp-Image-2022-06-02-at-15.49.33-768x513.jpeg 768w, http:\/\/www.fumssar.com.br\/wp-content\/uploads\/2022\/06\/WhatsApp-Image-2022-06-02-at-15.49.33-675x450.jpeg 675w, http:\/\/www.fumssar.com.br\/wp-content\/uploads\/2022\/06\/WhatsApp-Image-2022-06-02-at-15.49.33.jpeg 1280w\" sizes=\"(max-width: 1024px) 100vw, 1024px\" \/><\/figure>\n\n\n\n<p>Alunos das escolas municipais de Santa Rosa t\u00eam recebido instru\u00e7\u00f5es sobre alimenta\u00e7\u00e3o e nutri\u00e7\u00e3o. O projeto faz parte do programa Sa\u00fade na Escola \u2013 PSE, desenvolvido por profissionais da Funda\u00e7\u00e3o Municipal de Sa\u00fade. Dentre as a\u00e7\u00f5es, foram realizadas atividades l\u00fadicas com 11 turmas da E.M.E.F Santa Rosa de Lima. Participaram ao todo, 195 crian\u00e7as do Pr\u00e9 ao 5\u00ba ano.<\/p>\n\n\n\n<p>O projeto de educa\u00e7\u00e3o alimentar e nutricional tem como objetivo promover a alimenta\u00e7\u00e3o adequada e saud\u00e1vel (PAAS) para os alunos, al\u00e9m de proporcionar autonomia e oportunizar escolhas mais saud\u00e1veis. As atividades s\u00e3o coordenadas pela acad\u00eamica de Nutri\u00e7\u00e3o Natal\u00ed Ta\u00edsa Backes, da Universidade Federal de Santa Maria (UFSM), e que atualmente realiza est\u00e1gio na FUMSSAR, supervisionado pela nutricionista Cybelle Lunardi Brum, sob a orienta\u00e7\u00e3o da Professora, Dr\u00aa Greisse Viero da Silva Leal. \u201cBuscamos levar para as crian\u00e7as e adolescentes, a import\u00e2ncia de ter h\u00e1bitos alimentares saud\u00e1veis para uma melhor qualidade de vida, evitando o desenvolvimento de diversas doen\u00e7as, inclusive da obesidade\u201d, ressalta Natal\u00ed.<\/p>\n\n\n\n<p>Com os alunos do Pr\u00e9, foi realizada a atividade: \u201cMontando a minha refei\u00e7\u00e3o saud\u00e1vel\u201d, que avaliou o conhecimento das crian\u00e7as em rela\u00e7\u00e3o a alimenta\u00e7\u00e3o saud\u00e1vel e dos alimentos que devem ser a base da alimenta\u00e7\u00e3o. Foram identificados tamb\u00e9m, os alimentos que devem ser evitados, como por exemplo, os ultraprocessados. No 1\u00ba e 2\u00ba ano, a pauta foi: \u201cA origem dos alimentos\u201d, com o objetivo de observar o conhecimento das crian\u00e7as em rela\u00e7\u00e3o \u00e0 origem dos alimentos e enfatizar a import\u00e2ncia do consumo do alimento in natura, com o aux\u00edlio de figuras para colorir. Ao final da atividade, foi disponibilizado um cartaz para ser fixado na sala de aula. J\u00e1 no 3\u00ba, 4\u00ba e 5\u00ba ano, o tema abordado foi: \u201cSem\u00e1foro dos Alimentos, segundo os n\u00edveis de processamento\u201d, que avaliou o conhecimento das crian\u00e7as em rela\u00e7\u00e3o aos alimentos in natura, minimamente processados, processados e alimentos ultraprocessados.<\/p>\n\n\n\n<figure class=\"wp-block-image\"><img loading=\"lazy\" decoding=\"async\" width=\"1024\" height=\"644\" src=\"http:\/\/www.fumssar.com.br\/wp-content\/uploads\/2022\/06\/WhatsApp-Image-2022-06-02-at-15.49.02-1024x644.jpeg\" alt=\"\" class=\"wp-image-21272\" srcset=\"http:\/\/www.fumssar.com.br\/wp-content\/uploads\/2022\/06\/WhatsApp-Image-2022-06-02-at-15.49.02-1024x644.jpeg 1024w, http:\/\/www.fumssar.com.br\/wp-content\/uploads\/2022\/06\/WhatsApp-Image-2022-06-02-at-15.49.02-300x189.jpeg 300w, http:\/\/www.fumssar.com.br\/wp-content\/uploads\/2022\/06\/WhatsApp-Image-2022-06-02-at-15.49.02-768x483.jpeg 768w, http:\/\/www.fumssar.com.br\/wp-content\/uploads\/2022\/06\/WhatsApp-Image-2022-06-02-at-15.49.02.jpeg 1280w\" sizes=\"(max-width: 1024px) 100vw, 1024px\" \/><\/figure>\n","protected":false},"excerpt":{"rendered":"<p>Alunos das escolas municipais de Santa Rosa t\u00eam recebido instru\u00e7\u00f5es sobre alimenta\u00e7\u00e3o e nutri\u00e7\u00e3o. O&#8230;<\/p>\n","protected":false},"author":36,"featured_media":21271,"comment_status":"closed","ping_status":"closed","sticky":false,"template":"","format":"standard","meta":{"footnotes":""},"categories":[2],"tags":[],"_links":{"self":[{"href":"http:\/\/www.fumssar.com.br\/index.php?rest_route=\/wp\/v2\/posts\/21270"}],"collection":[{"href":"http:\/\/www.fumssar.com.br\/index.php?rest_route=\/wp\/v2\/posts"}],"about":[{"href":"http:\/\/www.fumssar.com.br\/index.php?rest_route=\/wp\/v2\/types\/post"}],"author":[{"embeddable":true,"href":"http:\/\/www.fumssar.com.br\/index.php?rest_route=\/wp\/v2\/users\/36"}],"replies":[{"embeddable":true,"href":"http:\/\/www.fumssar.com.br\/index.php?rest_route=%2Fwp%2Fv2%2Fcomments&post=21270"}],"version-history":[{"count":1,"href":"http:\/\/www.fumssar.com.br\/index.php?rest_route=\/wp\/v2\/posts\/21270\/revisions"}],"predecessor-version":[{"id":21273,"href":"http:\/\/www.fumssar.com.br\/index.php?rest_route=\/wp\/v2\/posts\/21270\/revisions\/21273"}],"wp:featuredmedia":[{"embeddable":true,"href":"http:\/\/www.fumssar.com.br\/index.php?rest_route=\/wp\/v2\/media\/21271"}],"wp:attachment":[{"href":"http:\/\/www.fumssar.com.br\/index.php?rest_route=%2Fwp%2Fv2%2Fmedia&parent=21270"}],"wp:term":[{"taxonomy":"category","embeddable":true,"href":"http:\/\/www.fumssar.com.br\/index.php?rest_route=%2Fwp%2Fv2%2Fcategories&post=21270"},{"taxonomy":"post_tag","embeddable":true,"href":"http:\/\/www.fumssar.com.br\/index.php?rest_route=%2Fwp%2Fv2%2Ftags&post=21270"}],"curies":[{"name":"wp","href":"https:\/\/api.w.org\/{rel}","templated":true}]}}