{"id":20034,"date":"2022-01-12T09:49:26","date_gmt":"2022-01-12T12:49:26","guid":{"rendered":"http:\/\/www.fumssar.com.br\/?p=20034"},"modified":"2024-10-07T16:33:41","modified_gmt":"2024-10-07T19:33:41","slug":"fumssar-amplia-horario-e-locais-para-testagem-da-covid-19","status":"publish","type":"post","link":"http:\/\/www.fumssar.com.br\/?p=20034","title":{"rendered":"FUMSSAR amplia hor\u00e1rio e locais para testagem da COVID-19"},"content":{"rendered":"\n<figure class=\"wp-block-image\"><img loading=\"lazy\" decoding=\"async\" width=\"1024\" height=\"1024\" src=\"http:\/\/www.fumssar.com.br\/wp-content\/uploads\/2022\/01\/Verde-e-Rosa-Mancha-Cl\u00ednica-Amig\u00e1vel-Agendamento-de-Vacina-Placa-de-Jardim-sobre-Sa\u00fade-Geral-1-2-1024x1024.png\" alt=\"\" class=\"wp-image-20035\" srcset=\"http:\/\/www.fumssar.com.br\/wp-content\/uploads\/2022\/01\/Verde-e-Rosa-Mancha-Cl\u00ednica-Amig\u00e1vel-Agendamento-de-Vacina-Placa-de-Jardim-sobre-Sa\u00fade-Geral-1-2-1024x1024.png 1024w, http:\/\/www.fumssar.com.br\/wp-content\/uploads\/2022\/01\/Verde-e-Rosa-Mancha-Cl\u00ednica-Amig\u00e1vel-Agendamento-de-Vacina-Placa-de-Jardim-sobre-Sa\u00fade-Geral-1-2-150x150.png 150w, http:\/\/www.fumssar.com.br\/wp-content\/uploads\/2022\/01\/Verde-e-Rosa-Mancha-Cl\u00ednica-Amig\u00e1vel-Agendamento-de-Vacina-Placa-de-Jardim-sobre-Sa\u00fade-Geral-1-2-300x300.png 300w, http:\/\/www.fumssar.com.br\/wp-content\/uploads\/2022\/01\/Verde-e-Rosa-Mancha-Cl\u00ednica-Amig\u00e1vel-Agendamento-de-Vacina-Placa-de-Jardim-sobre-Sa\u00fade-Geral-1-2-768x768.png 768w, http:\/\/www.fumssar.com.br\/wp-content\/uploads\/2022\/01\/Verde-e-Rosa-Mancha-Cl\u00ednica-Amig\u00e1vel-Agendamento-de-Vacina-Placa-de-Jardim-sobre-Sa\u00fade-Geral-1-2.png 1080w\" sizes=\"(max-width: 1024px) 100vw, 1024px\" \/><\/figure>\n\n\n\n<p>A Funda\u00e7\u00e3o Municipal de Sa\u00fade de Santa Rosa informa que v\u00e3o ser ampliados os locais e o hor\u00e1rio para testagem da COVID-19. A partir desta quarta-feira (12), os testes v\u00e3o poder ser realizados mediante agendamento na UBS Jardim Petr\u00f3polis, durante o hor\u00e1rio de funcionamento da unidade e de noite, na UBS Cruzeiro, das 18h30 \u00e0s 21h30. Para realizar o teste \u00e9 necess\u00e1rio ligar na UBS de origem para agendar um hor\u00e1rio em um dos dois locais.<\/p>\n\n\n\n<p>A testagem segue sendo realizada tamb\u00e9m, com hor\u00e1rio estendido, na Sentinela do Centro, localizada na Rua Buenos Aires, 40 \u2013 Centro, das 7h30min \u00e0s 11h, das 13h30min \u00e0s 17h e das 18h30min \u00e0s 21h30min. O teste deve ser realizado somente por pessoas que estejam com sintomas da doen\u00e7a. O indicado \u00e9 realizar o teste a partir do 3\u00ba dia com sintomas. Na Sentinela do Centro n\u00e3o \u00e9 necess\u00e1rio realizar o agendamento. O atendimento acontece por ordem de chegada. Devido \u00e0 grande demanda, a quantidade di\u00e1ria de testes \u00e9 limitada. As pessoas que forem realizar a testagem precisam levar documento com foto, CPF e o cart\u00e3o SUS.<\/p>\n","protected":false},"excerpt":{"rendered":"<p>A Funda\u00e7\u00e3o Municipal de Sa\u00fade de Santa Rosa informa que v\u00e3o ser ampliados os locais&#8230;<\/p>\n","protected":false},"author":36,"featured_media":20035,"comment_status":"closed","ping_status":"closed","sticky":false,"template":"","format":"standard","meta":{"footnotes":""},"categories":[152,2],"tags":[],"_links":{"self":[{"href":"http:\/\/www.fumssar.com.br\/index.php?rest_route=\/wp\/v2\/posts\/20034"}],"collection":[{"href":"http:\/\/www.fumssar.com.br\/index.php?rest_route=\/wp\/v2\/posts"}],"about":[{"href":"http:\/\/www.fumssar.com.br\/index.php?rest_route=\/wp\/v2\/types\/post"}],"author":[{"embeddable":true,"href":"http:\/\/www.fumssar.com.br\/index.php?rest_route=\/wp\/v2\/users\/36"}],"replies":[{"embeddable":true,"href":"http:\/\/www.fumssar.com.br\/index.php?rest_route=%2Fwp%2Fv2%2Fcomments&post=20034"}],"version-history":[{"count":2,"href":"http:\/\/www.fumssar.com.br\/index.php?rest_route=\/wp\/v2\/posts\/20034\/revisions"}],"predecessor-version":[{"id":20037,"href":"http:\/\/www.fumssar.com.br\/index.php?rest_route=\/wp\/v2\/posts\/20034\/revisions\/20037"}],"wp:featuredmedia":[{"embeddable":true,"href":"http:\/\/www.fumssar.com.br\/index.php?rest_route=\/wp\/v2\/media\/20035"}],"wp:attachment":[{"href":"http:\/\/www.fumssar.com.br\/index.php?rest_route=%2Fwp%2Fv2%2Fmedia&parent=20034"}],"wp:term":[{"taxonomy":"category","embeddable":true,"href":"http:\/\/www.fumssar.com.br\/index.php?rest_route=%2Fwp%2Fv2%2Fcategories&post=20034"},{"taxonomy":"post_tag","embeddable":true,"href":"http:\/\/www.fumssar.com.br\/index.php?rest_route=%2Fwp%2Fv2%2Ftags&post=20034"}],"curies":[{"name":"wp","href":"https:\/\/api.w.org\/{rel}","templated":true}]}}