{"id":19520,"date":"2021-11-03T15:02:25","date_gmt":"2021-11-03T18:02:25","guid":{"rendered":"http:\/\/www.fumssar.com.br\/?p=19520"},"modified":"2024-10-07T16:33:44","modified_gmt":"2024-10-07T19:33:44","slug":"comecou-o-atendimento-na-central-de-vacinas-covid-19","status":"publish","type":"post","link":"http:\/\/www.fumssar.com.br\/?p=19520","title":{"rendered":"Come\u00e7ou o atendimento na Central de Vacinas &#8211; COVID-19"},"content":{"rendered":"\n<figure class=\"wp-block-image\"><img loading=\"lazy\" decoding=\"async\" width=\"1024\" height=\"768\" src=\"http:\/\/www.fumssar.com.br\/wp-content\/uploads\/2021\/11\/WhatsApp-Image-2021-11-03-at-11.24.50-1024x768.jpeg\" alt=\"\" class=\"wp-image-19521\" srcset=\"http:\/\/www.fumssar.com.br\/wp-content\/uploads\/2021\/11\/WhatsApp-Image-2021-11-03-at-11.24.50-1024x768.jpeg 1024w, http:\/\/www.fumssar.com.br\/wp-content\/uploads\/2021\/11\/WhatsApp-Image-2021-11-03-at-11.24.50-300x225.jpeg 300w, http:\/\/www.fumssar.com.br\/wp-content\/uploads\/2021\/11\/WhatsApp-Image-2021-11-03-at-11.24.50-768x576.jpeg 768w, http:\/\/www.fumssar.com.br\/wp-content\/uploads\/2021\/11\/WhatsApp-Image-2021-11-03-at-11.24.50.jpeg 1156w\" sizes=\"(max-width: 1024px) 100vw, 1024px\" \/><\/figure>\n\n\n\n<p>Iniciou nesta quarta-feira (03\/11), o atendimento na Central de Vacinas &#8211; COVID-19. A FUMSSAR concentrou a aplica\u00e7\u00e3o das doses em dois locais de Santa Rosa. A vacina\u00e7\u00e3o realizada na Central de Vacinas, n\u00e3o precisar\u00e1 mais ser agendada previamente. Nas segundas, ter\u00e7as e quintas-feiras v\u00e3o ser aplicadas segundas doses (D2). Na quartas e sextas-feiras v\u00e3o ser realizadas as primeiras doses (D1) e as doses de refor\u00e7o (DR). A aplica\u00e7\u00e3o vai acontecer conforme os grupos e faixas et\u00e1rias divulgados no site da Funda\u00e7\u00e3o, no menu COVID-19, na aba \u201cQuem pode se Vacinar Agora?\u201d.<br><br>Quem precisa, pode fazer a vacina em dois locais: no centro, no pr\u00e9dio da FUMSSAR, na Vigil\u00e2ncia, Rua Dr. Francisco Timm 480 e na UBS Pereira, na Rua Augusto Pestana, 338, Pereira. O atendimento vai funcionar em dois turnos: manh\u00e3, das 8h \u00e0s 11h e tarde das 13h30 \u00e0s 17h. Nas quartas-feiras, o hor\u00e1rio da Central da FUMSSAR vai ser at\u00e9 \u00e0s 19h30. Os moradores de Santa Rosa que forem se vacinar precisam levar documento com foto, CPF, cart\u00e3o SUS e a caderneta de vacina\u00e7\u00e3o. Os jovens, a partir de 14 anos, precisam ir acompanhados dos pais ou respons\u00e1vel legal, ou ainda, levar preenchida a declara\u00e7\u00e3o do participante da vacina\u00e7\u00e3o, disponibilizada pela Unidade B\u00e1sica de Sa\u00fade. <br><br>At\u00e9 o momento, j\u00e1 foram realizadas 114.646 vacinas. Do total, 59.822 foram de D1 (Primeira Dose), essa quantidade corresponde a 81% da popula\u00e7\u00e3o vacinada, 49.213 de D2 (Segunda Dose) e 2.260 de D.U (Dose \u00danica). Com isso, o munic\u00edpio est\u00e1 com 51.473 pessoas com a imuniza\u00e7\u00e3o completa, 70% dos santa-rosenses. Al\u00e9m disso, j\u00e1 foram aplicadas tamb\u00e9m, 3.351 Doses de Refor\u00e7o (DR).  O telefone para D\u00favidas e Informa\u00e7\u00f5es sobre a Central de Vacinas \u00e9 o: (55) 3513-5100. <\/p>\n","protected":false},"excerpt":{"rendered":"<p>Iniciou nesta quarta-feira (03\/11), o atendimento na Central de Vacinas &#8211; COVID-19. A FUMSSAR concentrou&#8230;<\/p>\n","protected":false},"author":36,"featured_media":19521,"comment_status":"closed","ping_status":"closed","sticky":false,"template":"","format":"standard","meta":{"footnotes":""},"categories":[152,2],"tags":[],"_links":{"self":[{"href":"http:\/\/www.fumssar.com.br\/index.php?rest_route=\/wp\/v2\/posts\/19520"}],"collection":[{"href":"http:\/\/www.fumssar.com.br\/index.php?rest_route=\/wp\/v2\/posts"}],"about":[{"href":"http:\/\/www.fumssar.com.br\/index.php?rest_route=\/wp\/v2\/types\/post"}],"author":[{"embeddable":true,"href":"http:\/\/www.fumssar.com.br\/index.php?rest_route=\/wp\/v2\/users\/36"}],"replies":[{"embeddable":true,"href":"http:\/\/www.fumssar.com.br\/index.php?rest_route=%2Fwp%2Fv2%2Fcomments&post=19520"}],"version-history":[{"count":1,"href":"http:\/\/www.fumssar.com.br\/index.php?rest_route=\/wp\/v2\/posts\/19520\/revisions"}],"predecessor-version":[{"id":19522,"href":"http:\/\/www.fumssar.com.br\/index.php?rest_route=\/wp\/v2\/posts\/19520\/revisions\/19522"}],"wp:featuredmedia":[{"embeddable":true,"href":"http:\/\/www.fumssar.com.br\/index.php?rest_route=\/wp\/v2\/media\/19521"}],"wp:attachment":[{"href":"http:\/\/www.fumssar.com.br\/index.php?rest_route=%2Fwp%2Fv2%2Fmedia&parent=19520"}],"wp:term":[{"taxonomy":"category","embeddable":true,"href":"http:\/\/www.fumssar.com.br\/index.php?rest_route=%2Fwp%2Fv2%2Fcategories&post=19520"},{"taxonomy":"post_tag","embeddable":true,"href":"http:\/\/www.fumssar.com.br\/index.php?rest_route=%2Fwp%2Fv2%2Ftags&post=19520"}],"curies":[{"name":"wp","href":"https:\/\/api.w.org\/{rel}","templated":true}]}}