{"id":19427,"date":"2021-10-25T17:56:16","date_gmt":"2021-10-25T20:56:16","guid":{"rendered":"http:\/\/www.fumssar.com.br\/?p=19427"},"modified":"2024-10-07T16:33:44","modified_gmt":"2024-10-07T19:33:44","slug":"santa-rosa-vacinou-80-da-populacao-contra-a-covid-19","status":"publish","type":"post","link":"http:\/\/www.fumssar.com.br\/?p=19427","title":{"rendered":"Santa Rosa vacinou 80% da popula\u00e7\u00e3o contra a COVID-19"},"content":{"rendered":"\n<figure class=\"wp-block-image\"><img loading=\"lazy\" decoding=\"async\" width=\"1024\" height=\"1024\" src=\"http:\/\/www.fumssar.com.br\/wp-content\/uploads\/2021\/10\/Design-sem-nome-1-1024x1024.png\" alt=\"\" class=\"wp-image-19428\" srcset=\"http:\/\/www.fumssar.com.br\/wp-content\/uploads\/2021\/10\/Design-sem-nome-1-1024x1024.png 1024w, http:\/\/www.fumssar.com.br\/wp-content\/uploads\/2021\/10\/Design-sem-nome-1-150x150.png 150w, http:\/\/www.fumssar.com.br\/wp-content\/uploads\/2021\/10\/Design-sem-nome-1-300x300.png 300w, http:\/\/www.fumssar.com.br\/wp-content\/uploads\/2021\/10\/Design-sem-nome-1-768x768.png 768w, http:\/\/www.fumssar.com.br\/wp-content\/uploads\/2021\/10\/Design-sem-nome-1.png 1080w\" sizes=\"(max-width: 1024px) 100vw, 1024px\" \/><\/figure>\n\n\n\n<p>A\nFunda\u00e7\u00e3o Municipal de Sa\u00fade de Santa Rosa j\u00e1 aplicou 110.429 doses contra a\nCOVID-19. Do total, 58.676 foram de primeira dose (D1), o que representa 80,1%\nda popula\u00e7\u00e3o vacinada no munic\u00edpio. De segunda dose 46.880 (D2) e 2.260 de dose\n\u00fanica (DU), sendo assim, 49.140 pessoas est\u00e3o com a imuniza\u00e7\u00e3o completa, 67%\ndos santa-rosenses. Al\u00e9m disso, j\u00e1 foram aplicadas tamb\u00e9m, 2.613 Doses de\nRefor\u00e7o (DR). Os dados est\u00e3o de acordo com o informativo da SES\/RS \u2013 Secretaria\nde Sa\u00fade do Rio Grande do Sul.<\/p>\n\n\n\n<p>Est\u00e1\nacontecendo a partir desta segunda-feira (25), a vacina\u00e7\u00e3o para pessoas a\npartir dos 12 anos. A aplica\u00e7\u00e3o das doses nos adolescentes \u00e9 realizada com o\nimunizante da Pfizer, o \u00fanico que pode ser aplicado em menores de 18 anos no\nBrasil, de acordo com a ANVISA. Os jovens que forem se vacinar, precisam ir\nacompanhados dos pais ou respons\u00e1vel legal, ou ainda, levar preenchida a\ndeclara\u00e7\u00e3o do participante da vacina\u00e7\u00e3o, disponibilizada pela Unidade B\u00e1sica de\nSa\u00fade. A aplica\u00e7\u00e3o acontece em todas as UBS\u2019s at\u00e9 terminarem os estoques. O\natendimento \u00e9 mediante agendamento pr\u00e9vio por telefone ou presencial, ou\nconforme o gerenciamento de cada unidade.<\/p>\n\n\n\n<p>A\nFUMSSAR est\u00e1 realizando tamb\u00e9m, a aplica\u00e7\u00e3o da dose de refor\u00e7o, em idosos acima\nde 60 anos que completaram o esquema vacinal das duas doses ou dose \u00fanica h\u00e1 06\nmeses. Al\u00e9m dos idosos, pessoas com alto grau de imunossupress\u00e3o:\nImunodefici\u00eancia prim\u00e1ria grave; quimioterapia para c\u00e2ncer; transplantados de\n\u00f3rg\u00e3o s\u00f3lido ou de c\u00e9lulas tronco hematopoi\u00e9ticas (TCTH) em uso de drogas\nimunossupressoras e pessoas vivendo com HIV com CD4 t\u00eam direito de realizar a\nDose de Refor\u00e7o. Para os indiv\u00edduos com alto grau de imunossupress\u00e3o, o\nintervalo para a dose de refor\u00e7o dever\u00e1 ser de 28 dias ap\u00f3s a \u00faltima dose do\nesquema b\u00e1sico. &nbsp;Os moradores de Santa\nRosa que forem se vacinar precisam levar documento com foto, CPF, cart\u00e3o SUS e a\ncaderneta de vacina\u00e7\u00e3o.<\/p>\n","protected":false},"excerpt":{"rendered":"<p>A Funda\u00e7\u00e3o Municipal de Sa\u00fade de Santa Rosa j\u00e1 aplicou 110.429 doses contra a COVID-19&#8230;.<\/p>\n","protected":false},"author":36,"featured_media":19428,"comment_status":"closed","ping_status":"closed","sticky":false,"template":"","format":"standard","meta":{"footnotes":""},"categories":[152,2],"tags":[],"_links":{"self":[{"href":"http:\/\/www.fumssar.com.br\/index.php?rest_route=\/wp\/v2\/posts\/19427"}],"collection":[{"href":"http:\/\/www.fumssar.com.br\/index.php?rest_route=\/wp\/v2\/posts"}],"about":[{"href":"http:\/\/www.fumssar.com.br\/index.php?rest_route=\/wp\/v2\/types\/post"}],"author":[{"embeddable":true,"href":"http:\/\/www.fumssar.com.br\/index.php?rest_route=\/wp\/v2\/users\/36"}],"replies":[{"embeddable":true,"href":"http:\/\/www.fumssar.com.br\/index.php?rest_route=%2Fwp%2Fv2%2Fcomments&post=19427"}],"version-history":[{"count":1,"href":"http:\/\/www.fumssar.com.br\/index.php?rest_route=\/wp\/v2\/posts\/19427\/revisions"}],"predecessor-version":[{"id":19429,"href":"http:\/\/www.fumssar.com.br\/index.php?rest_route=\/wp\/v2\/posts\/19427\/revisions\/19429"}],"wp:featuredmedia":[{"embeddable":true,"href":"http:\/\/www.fumssar.com.br\/index.php?rest_route=\/wp\/v2\/media\/19428"}],"wp:attachment":[{"href":"http:\/\/www.fumssar.com.br\/index.php?rest_route=%2Fwp%2Fv2%2Fmedia&parent=19427"}],"wp:term":[{"taxonomy":"category","embeddable":true,"href":"http:\/\/www.fumssar.com.br\/index.php?rest_route=%2Fwp%2Fv2%2Fcategories&post=19427"},{"taxonomy":"post_tag","embeddable":true,"href":"http:\/\/www.fumssar.com.br\/index.php?rest_route=%2Fwp%2Fv2%2Ftags&post=19427"}],"curies":[{"name":"wp","href":"https:\/\/api.w.org\/{rel}","templated":true}]}}