{"id":19417,"date":"2021-10-22T14:57:52","date_gmt":"2021-10-22T17:57:52","guid":{"rendered":"http:\/\/www.fumssar.com.br\/?p=19417"},"modified":"2024-10-07T16:33:45","modified_gmt":"2024-10-07T19:33:45","slug":"santa-rosa-amplia-vacinacao-para-pessoas-a-partir-dos-12-anos","status":"publish","type":"post","link":"http:\/\/www.fumssar.com.br\/?p=19417","title":{"rendered":"Santa Rosa amplia vacina\u00e7\u00e3o para pessoas a partir dos 12 anos"},"content":{"rendered":"\n<figure class=\"wp-block-image\"><img loading=\"lazy\" decoding=\"async\" width=\"1024\" height=\"768\" src=\"https:\/\/www.fumssar.com.br\/wp-content\/uploads\/2021\/10\/WhatsApp-Image-2021-10-22-at-11.08.26-1024x768.jpeg\" alt=\"\" class=\"wp-image-19418\" srcset=\"http:\/\/www.fumssar.com.br\/wp-content\/uploads\/2021\/10\/WhatsApp-Image-2021-10-22-at-11.08.26-1024x768.jpeg 1024w, http:\/\/www.fumssar.com.br\/wp-content\/uploads\/2021\/10\/WhatsApp-Image-2021-10-22-at-11.08.26-300x225.jpeg 300w, http:\/\/www.fumssar.com.br\/wp-content\/uploads\/2021\/10\/WhatsApp-Image-2021-10-22-at-11.08.26-768x576.jpeg 768w, http:\/\/www.fumssar.com.br\/wp-content\/uploads\/2021\/10\/WhatsApp-Image-2021-10-22-at-11.08.26.jpeg 1280w\" sizes=\"(max-width: 1024px) 100vw, 1024px\" \/><\/figure>\n\n\n\n<p>Santa Rosa recebeu nesta quinta-feira(21), da Secretaria de Sa\u00fade \u2013 SES\/RS, 1.224 novas doses da vacina contra a COVID-19. Destas, 804 para Dose Um (D1) e 420 para Dose Dois (D2). A partir de segunda-feira (25), v\u00e3o ser vacinadas pessoas a partir dos 12 anos. A vacina\u00e7\u00e3o para adolescentes \u00e9 realizada com o imunizante da Pfizer, o \u00fanico que pode ser aplicado em menores de 18 anos no Brasil, de acordo com a ANVISA. <br><br>Os jovens que forem se vacinar, precisam ir acompanhados dos pais ou respons\u00e1vel legal, ou ainda, levar preenchida a declara\u00e7\u00e3o do participante da vacina\u00e7\u00e3o, disponibilizada pela Unidade B\u00e1sica de Sa\u00fade. A aplica\u00e7\u00e3o das doses acontece em todas as UBS\u2019s at\u00e9 terminarem os estoques. O atendimento \u00e9 mediante agendamento pr\u00e9vio por telefone ou presencial, ou conforme o gerenciamento de cada unidade. <br><br>At\u00e9 o momento, j\u00e1 foram realizadas 107.854 vacinas. Do total, 58.359 foram de D1 (Primeira Dose), essa quantidade corresponde a 79% da popula\u00e7\u00e3o vacinada, 45.437 de D2 (Segunda Dose) e 2.260 de D.U (Dose \u00danica), sendo assim, Santa Rosa est\u00e1 com 47.697 pessoas com a imuniza\u00e7\u00e3o completa, ou seja, 65% dos santa-rosenses. Al\u00e9m disso, j\u00e1 foram aplicadas tamb\u00e9m, 1.798 Doses de Refor\u00e7o (DR). Os moradores de Santa Rosa que forem se vacinar precisam levar documento com foto, CPF, cart\u00e3o SUS e caderneta de vacina\u00e7\u00e3o. <br><br>A Funda\u00e7\u00e3o Municipal de Sa\u00fade de Santa Rosa informa tamb\u00e9m que desde segunda-feira (18), o Estado do Rio Grande do Sul passou a exigir da popula\u00e7\u00e3o ga\u00facha, o Passaporte da Vacina\u00e7\u00e3o. Quem j\u00e1 completou o esquema vacinal contra a COVID-19 (duas doses ou dose \u00fanica) j\u00e1 pode emitir o chamado \u201cpassaporte\u201d ou Certificado de Vacina\u00e7\u00e3o no Conecte SUS, o aplicativo oficial do Minist\u00e9rio da Sa\u00fade. A comprova\u00e7\u00e3o vai passar a ser cobrada em espa\u00e7os p\u00fablicos fechados e\/ou eventos no munic\u00edpio. H\u00e1 casos em que pode ser apresentada a pr\u00f3pria caderneta de vacina\u00e7\u00e3o, mas o certificado emitido pelo aplicativo Conecte SUS pode servir para qualquer circunst\u00e2ncia, e tem op\u00e7\u00f5es em portugu\u00eas, espanhol e ingl\u00eas, al\u00e9m disso, pode ser usado em viagens internacionais, para onde j\u00e1 \u00e9 permitida a entrada de brasileiros.<br><br>No site da FUMSSAR, na aba COVID-19, est\u00e1 publicado um guia com o passo a passo sobre como obter o chamado \u201cpassaporte da vacina\u201d e o cronograma de exig\u00eancia do RS. As pessoas que n\u00e3o se vacinaram, na data em que sua faixa et\u00e1ria era contemplada, podem entrar em contato com sua Unidade de Sa\u00fade e agendar conforme a disponibilidade de doses da UBS. A Funda\u00e7\u00e3o segue o cronograma do governo estadual e realiza as imuniza\u00e7\u00f5es conforme o envio de doses destinadas para Santa Rosa pela SES\/RS.<\/p>\n","protected":false},"excerpt":{"rendered":"<p>Santa Rosa recebeu nesta quinta-feira(21), da Secretaria de Sa\u00fade \u2013 SES\/RS, 1.224 novas doses da&#8230;<\/p>\n","protected":false},"author":36,"featured_media":19418,"comment_status":"closed","ping_status":"closed","sticky":false,"template":"","format":"standard","meta":{"footnotes":""},"categories":[152,2],"tags":[],"_links":{"self":[{"href":"http:\/\/www.fumssar.com.br\/index.php?rest_route=\/wp\/v2\/posts\/19417"}],"collection":[{"href":"http:\/\/www.fumssar.com.br\/index.php?rest_route=\/wp\/v2\/posts"}],"about":[{"href":"http:\/\/www.fumssar.com.br\/index.php?rest_route=\/wp\/v2\/types\/post"}],"author":[{"embeddable":true,"href":"http:\/\/www.fumssar.com.br\/index.php?rest_route=\/wp\/v2\/users\/36"}],"replies":[{"embeddable":true,"href":"http:\/\/www.fumssar.com.br\/index.php?rest_route=%2Fwp%2Fv2%2Fcomments&post=19417"}],"version-history":[{"count":1,"href":"http:\/\/www.fumssar.com.br\/index.php?rest_route=\/wp\/v2\/posts\/19417\/revisions"}],"predecessor-version":[{"id":19419,"href":"http:\/\/www.fumssar.com.br\/index.php?rest_route=\/wp\/v2\/posts\/19417\/revisions\/19419"}],"wp:featuredmedia":[{"embeddable":true,"href":"http:\/\/www.fumssar.com.br\/index.php?rest_route=\/wp\/v2\/media\/19418"}],"wp:attachment":[{"href":"http:\/\/www.fumssar.com.br\/index.php?rest_route=%2Fwp%2Fv2%2Fmedia&parent=19417"}],"wp:term":[{"taxonomy":"category","embeddable":true,"href":"http:\/\/www.fumssar.com.br\/index.php?rest_route=%2Fwp%2Fv2%2Fcategories&post=19417"},{"taxonomy":"post_tag","embeddable":true,"href":"http:\/\/www.fumssar.com.br\/index.php?rest_route=%2Fwp%2Fv2%2Ftags&post=19417"}],"curies":[{"name":"wp","href":"https:\/\/api.w.org\/{rel}","templated":true}]}}