{"id":19372,"date":"2021-10-16T19:50:12","date_gmt":"2021-10-16T22:50:12","guid":{"rendered":"http:\/\/www.fumssar.com.br\/?p=19372"},"modified":"2024-10-07T16:33:45","modified_gmt":"2024-10-07T19:33:45","slug":"fumssar-realiza-campanha-de-multivacinacao","status":"publish","type":"post","link":"http:\/\/www.fumssar.com.br\/?p=19372","title":{"rendered":"FUMSSAR realiza campanha de Multivacina\u00e7\u00e3o"},"content":{"rendered":"\n<figure class=\"wp-block-image\"><img loading=\"lazy\" decoding=\"async\" width=\"1024\" height=\"1024\" src=\"http:\/\/www.fumssar.com.br\/wp-content\/uploads\/2021\/10\/Design-sem-nome-1024x1024.png\" alt=\"\" class=\"wp-image-19373\" srcset=\"http:\/\/www.fumssar.com.br\/wp-content\/uploads\/2021\/10\/Design-sem-nome-1024x1024.png 1024w, http:\/\/www.fumssar.com.br\/wp-content\/uploads\/2021\/10\/Design-sem-nome-150x150.png 150w, http:\/\/www.fumssar.com.br\/wp-content\/uploads\/2021\/10\/Design-sem-nome-300x300.png 300w, http:\/\/www.fumssar.com.br\/wp-content\/uploads\/2021\/10\/Design-sem-nome-768x768.png 768w, http:\/\/www.fumssar.com.br\/wp-content\/uploads\/2021\/10\/Design-sem-nome.png 1080w\" sizes=\"(max-width: 1024px) 100vw, 1024px\" \/><\/figure>\n\n\n\n<p>A Funda\u00e7\u00e3o Municipal de Sa\u00fade de Santa Rosa realizou neste s\u00e1bado (16), o \u201cDia D\u201d da campanha nacional de multivacina\u00e7\u00e3o. A vacina\u00e7\u00e3o aconteceu em todas as Unidades B\u00e1sicas de Sa\u00fade, das 08:00 \u00e0s 17:00 horas. As doses foram aplicadas em crian\u00e7as e adolescentes menores de 15 anos. A campanha tem como objetivo atualizar a caderneta de vacina\u00e7\u00e3o, proteger a popula\u00e7\u00e3o e ampliar a cobertura vacinal.<\/p>\n\n\n\n<p>O Programa Nacional de Imuniza\u00e7\u00f5es (PNI), oferece 18 vacinas para crian\u00e7as e adolescentes com esquemas diferenciados. Neste s\u00e1bado, 769 crian\u00e7as e adolescentes at\u00e9 15 anos, compareceram nas 18 UBS\u2019s do munic\u00edpio para a verifica\u00e7\u00e3o da carteira de vacina\u00e7\u00e3o e 314 foram vacinadas. As imuniza\u00e7\u00f5es feitas, foram de doses que estavam em atraso. As unidades revisaram as cadernetas de vacina\u00e7\u00e3o e deram orienta\u00e7\u00f5es aos pais e\/ou respons\u00e1veis a respeito da import\u00e2ncia de manter as vacinas em dia conforme o calend\u00e1rio nacional de vacina\u00e7\u00e3o. O presidente da FUMSSAR, D\u00e9lcio Stefan, destaca a import\u00e2ncia de ter a caderneta de vacina\u00e7\u00e3o em dia, \u201cVacinar \u00e9 a maneira mais eficaz que temos de proteger nossos filhos e prevenir doen\u00e7as. Esta campanha serve para estarmos atentos e se necess\u00e1rio, colocar em dia as vacinas das nossas crian\u00e7as e adolescentes\u201d.<\/p>\n\n\n\n<p>A vacina\u00e7\u00e3o em dia protege as crian\u00e7as e adolescentes contra doen\u00e7as, evitando surtos e hospitaliza\u00e7\u00f5es, sequelas, tratamentos de reabilita\u00e7\u00e3o e \u00f3bitos. Para a Diretora da Gest\u00e3o da Aten\u00e7\u00e3o Prim\u00e1ria em Sa\u00fade, Fabiana Breitenbach, os pais\/respons\u00e1veis de crian\u00e7as e adolescentes devem observar para a caderneta de vacina\u00e7\u00e3o estar sempre atualizada, \u201cCom as vacinas em dia, essas crian\u00e7as e adolescentes v\u00e3o estar protegidos de uma s\u00e9rie de doen\u00e7as que podem ser facilmente evitadas de uma \u00fanica vez. A atualiza\u00e7\u00e3o da caderneta de vacina\u00e7\u00e3o deve ser feita frequentemente, em especial, nessa \u00e9poca de retorno \u00e0s aulas presenciais, onde ainda estamos convivendo com a pandemia da COVID-19\u201d. A campanha de multivacina\u00e7\u00e3o vai acontecer at\u00e9 o dia 29 de outubro, em todas as Unidades B\u00e1sicas de Sa\u00fade de Santa Rosa.<\/p>\n","protected":false},"excerpt":{"rendered":"<p>A Funda\u00e7\u00e3o Municipal de Sa\u00fade de Santa Rosa realizou neste s\u00e1bado (16), o \u201cDia D\u201d&#8230;<\/p>\n","protected":false},"author":36,"featured_media":19373,"comment_status":"closed","ping_status":"closed","sticky":false,"template":"","format":"standard","meta":{"footnotes":""},"categories":[2],"tags":[],"_links":{"self":[{"href":"http:\/\/www.fumssar.com.br\/index.php?rest_route=\/wp\/v2\/posts\/19372"}],"collection":[{"href":"http:\/\/www.fumssar.com.br\/index.php?rest_route=\/wp\/v2\/posts"}],"about":[{"href":"http:\/\/www.fumssar.com.br\/index.php?rest_route=\/wp\/v2\/types\/post"}],"author":[{"embeddable":true,"href":"http:\/\/www.fumssar.com.br\/index.php?rest_route=\/wp\/v2\/users\/36"}],"replies":[{"embeddable":true,"href":"http:\/\/www.fumssar.com.br\/index.php?rest_route=%2Fwp%2Fv2%2Fcomments&post=19372"}],"version-history":[{"count":1,"href":"http:\/\/www.fumssar.com.br\/index.php?rest_route=\/wp\/v2\/posts\/19372\/revisions"}],"predecessor-version":[{"id":19374,"href":"http:\/\/www.fumssar.com.br\/index.php?rest_route=\/wp\/v2\/posts\/19372\/revisions\/19374"}],"wp:featuredmedia":[{"embeddable":true,"href":"http:\/\/www.fumssar.com.br\/index.php?rest_route=\/wp\/v2\/media\/19373"}],"wp:attachment":[{"href":"http:\/\/www.fumssar.com.br\/index.php?rest_route=%2Fwp%2Fv2%2Fmedia&parent=19372"}],"wp:term":[{"taxonomy":"category","embeddable":true,"href":"http:\/\/www.fumssar.com.br\/index.php?rest_route=%2Fwp%2Fv2%2Fcategories&post=19372"},{"taxonomy":"post_tag","embeddable":true,"href":"http:\/\/www.fumssar.com.br\/index.php?rest_route=%2Fwp%2Fv2%2Ftags&post=19372"}],"curies":[{"name":"wp","href":"https:\/\/api.w.org\/{rel}","templated":true}]}}