{"id":19298,"date":"2021-10-14T17:09:11","date_gmt":"2021-10-14T20:09:11","guid":{"rendered":"http:\/\/www.fumssar.com.br\/?p=19298"},"modified":"2024-10-07T16:33:45","modified_gmt":"2024-10-07T19:33:45","slug":"14a-conferencia-municipal-de-saude-vai-acontecer-em-novembro","status":"publish","type":"post","link":"http:\/\/www.fumssar.com.br\/?p=19298","title":{"rendered":"14\u00aa Confer\u00eancia Municipal de Sa\u00fade vai acontecer em novembro"},"content":{"rendered":"\n<figure class=\"wp-block-image\"><img loading=\"lazy\" decoding=\"async\" width=\"1024\" height=\"1024\" src=\"https:\/\/www.fumssar.com.br\/wp-content\/uploads\/2021\/10\/CMS-CONSLEHO-MUNICIPAL-DE-SA\u00daDE-1024x1024.png\" alt=\"\" class=\"wp-image-19299\" srcset=\"http:\/\/www.fumssar.com.br\/wp-content\/uploads\/2021\/10\/CMS-CONSLEHO-MUNICIPAL-DE-SA\u00daDE-1024x1024.png 1024w, http:\/\/www.fumssar.com.br\/wp-content\/uploads\/2021\/10\/CMS-CONSLEHO-MUNICIPAL-DE-SA\u00daDE-150x150.png 150w, http:\/\/www.fumssar.com.br\/wp-content\/uploads\/2021\/10\/CMS-CONSLEHO-MUNICIPAL-DE-SA\u00daDE-300x300.png 300w, http:\/\/www.fumssar.com.br\/wp-content\/uploads\/2021\/10\/CMS-CONSLEHO-MUNICIPAL-DE-SA\u00daDE-768x768.png 768w, http:\/\/www.fumssar.com.br\/wp-content\/uploads\/2021\/10\/CMS-CONSLEHO-MUNICIPAL-DE-SA\u00daDE.png 1080w\" sizes=\"(max-width: 1024px) 100vw, 1024px\" \/><\/figure>\n\n\n\n<p>O Conselho Municipal de Sa\u00fade (CMS) est\u00e1 organizando um dos eventos mais importantes da sa\u00fade no munic\u00edpio: a 14\u00aa Confer\u00eancia Municipal de Sa\u00fade de Santa Rosa.  Este \u00e9 um processo democr\u00e1tico de ampla participa\u00e7\u00e3o da popula\u00e7\u00e3o. O objetivo \u00e9 convidar a comunidade para contribuir e participar efetivamente. A Confer\u00eancia vai acontecer nos dias 26 e 27 de novembro.<br><br> Na primeira quinzena de novembro v\u00e3o acontecer as reuni\u00f5es nas comunidades, chamadas de Pr\u00e9-Confer\u00eancias. Para essas reuni\u00f5es, o CMS mobiliza as fam\u00edlias para que participem contribuindo com propostas para a manuten\u00e7\u00e3o e melhoria do sistema de sa\u00fade de Santa Rosa. As reuni\u00f5es das pr\u00e9-confer\u00eancias ser\u00e3o presenciais, seguindo os protocolos de distanciamento e demais recomenda\u00e7\u00f5es sanit\u00e1rias, garantindo assim que a participa\u00e7\u00e3o de todos seja segura.<br><br> Nesta quinta-feira (14), \u00e0s 18h30min vai ser realizada uma reuni\u00e3o no audit\u00f3rio do Conselho Municipal de Sa\u00fade, junto ao antigo Liminha. Todos que quiserem participar est\u00e3o convidados para ajudar a pensar em solu\u00e7\u00f5es e melhorias para a sa\u00fade dos santa-rosenses.<\/p>\n","protected":false},"excerpt":{"rendered":"<p>O Conselho Municipal de Sa\u00fade (CMS) est\u00e1 organizando um dos eventos mais importantes da sa\u00fade&#8230;<\/p>\n","protected":false},"author":36,"featured_media":19299,"comment_status":"closed","ping_status":"closed","sticky":false,"template":"","format":"standard","meta":{"footnotes":""},"categories":[2],"tags":[],"_links":{"self":[{"href":"http:\/\/www.fumssar.com.br\/index.php?rest_route=\/wp\/v2\/posts\/19298"}],"collection":[{"href":"http:\/\/www.fumssar.com.br\/index.php?rest_route=\/wp\/v2\/posts"}],"about":[{"href":"http:\/\/www.fumssar.com.br\/index.php?rest_route=\/wp\/v2\/types\/post"}],"author":[{"embeddable":true,"href":"http:\/\/www.fumssar.com.br\/index.php?rest_route=\/wp\/v2\/users\/36"}],"replies":[{"embeddable":true,"href":"http:\/\/www.fumssar.com.br\/index.php?rest_route=%2Fwp%2Fv2%2Fcomments&post=19298"}],"version-history":[{"count":1,"href":"http:\/\/www.fumssar.com.br\/index.php?rest_route=\/wp\/v2\/posts\/19298\/revisions"}],"predecessor-version":[{"id":19300,"href":"http:\/\/www.fumssar.com.br\/index.php?rest_route=\/wp\/v2\/posts\/19298\/revisions\/19300"}],"wp:featuredmedia":[{"embeddable":true,"href":"http:\/\/www.fumssar.com.br\/index.php?rest_route=\/wp\/v2\/media\/19299"}],"wp:attachment":[{"href":"http:\/\/www.fumssar.com.br\/index.php?rest_route=%2Fwp%2Fv2%2Fmedia&parent=19298"}],"wp:term":[{"taxonomy":"category","embeddable":true,"href":"http:\/\/www.fumssar.com.br\/index.php?rest_route=%2Fwp%2Fv2%2Fcategories&post=19298"},{"taxonomy":"post_tag","embeddable":true,"href":"http:\/\/www.fumssar.com.br\/index.php?rest_route=%2Fwp%2Fv2%2Ftags&post=19298"}],"curies":[{"name":"wp","href":"https:\/\/api.w.org\/{rel}","templated":true}]}}