{"id":19282,"date":"2021-10-13T17:17:29","date_gmt":"2021-10-13T20:17:29","guid":{"rendered":"http:\/\/www.fumssar.com.br\/?p=19282"},"modified":"2024-10-07T16:33:45","modified_gmt":"2024-10-07T19:33:45","slug":"ubs-planalto-conta-com-equipe-de-residencia-multiprofissional","status":"publish","type":"post","link":"http:\/\/www.fumssar.com.br\/?p=19282","title":{"rendered":"UBS Planalto conta com equipe de Resid\u00eancia Multiprofissional"},"content":{"rendered":"\n<figure class=\"wp-block-image\"><img loading=\"lazy\" decoding=\"async\" width=\"1024\" height=\"768\" src=\"https:\/\/www.fumssar.com.br\/wp-content\/uploads\/2021\/10\/IMG-20210902-WA0011-1024x768.jpg\" alt=\"\" class=\"wp-image-19283\" srcset=\"http:\/\/www.fumssar.com.br\/wp-content\/uploads\/2021\/10\/IMG-20210902-WA0011-1024x768.jpg 1024w, http:\/\/www.fumssar.com.br\/wp-content\/uploads\/2021\/10\/IMG-20210902-WA0011-300x225.jpg 300w, http:\/\/www.fumssar.com.br\/wp-content\/uploads\/2021\/10\/IMG-20210902-WA0011-768x576.jpg 768w, http:\/\/www.fumssar.com.br\/wp-content\/uploads\/2021\/10\/IMG-20210902-WA0011.jpg 1280w\" sizes=\"(max-width: 1024px) 100vw, 1024px\" \/><\/figure>\n\n\n\n<p>A Unidade B\u00e1sica de Sa\u00fade Planalto \u00e9 uma, das seis UBS\u2019s de Santa Rosa, contemplada com equipe de Resid\u00eancia Multiprofissional em Sa\u00fade da Fam\u00edlia. A equipe de residentes \u00e9 formada por profissionais de diversas \u00e1reas, como Servi\u00e7o Social, Enfermagem, Educa\u00e7\u00e3o F\u00edsica, Nutri\u00e7\u00e3o, Farm\u00e1cia, Psicologia e Odontologia. Os profissionais t\u00eam na resid\u00eancia multiprofissional a oportunidade de adquirir no campo pr\u00e1tico, a experi\u00eancia em sa\u00fade p\u00fablica. O objetivo dos atendimentos realizados pela equipe \u00e9 proporcionar melhor qualidade de vida aos pacientes com foco na preven\u00e7\u00e3o das doen\u00e7as e promo\u00e7\u00e3o da sa\u00fade aos cidad\u00e3os.<\/p>\n\n\n\n<p>Os residentes atendem no consult\u00f3rio, em visitas domiciliares e nas atividades em grupo. Por causa da pandemia, v\u00e1rias dessas atividades, principalmente as em grupos, foram interrompidas. Com o avan\u00e7o na vacina\u00e7\u00e3o e a diminui\u00e7\u00e3o dos casos da COVID-19, foi poss\u00edvel retomar essas atividades. O grupo funcional foi um dos projetos retomados e tem como objetivo a pr\u00e1tica de atividades f\u00edsicas por meio do circuito funcional aberto para a comunidade. Al\u00e9m disso, est\u00e1 sendo desenvolvido um grupo de autocuidado para pacientes diab\u00e9ticos, com abordagens desde o in\u00edcio da patologia, cuidados necess\u00e1rios e mudan\u00e7as no estilo de vida. A cada encontro s\u00e3o explanados temas espec\u00edficos, com conte\u00fado te\u00f3rico e pr\u00e1tico para que os participantes do grupo compreendam a import\u00e2ncia de cuidar da sa\u00fade.<\/p>\n\n\n\n<p>Outro servi\u00e7o oferecido pela UBS Planalto, com o apoio da equipe de resid\u00eancia \u00e9 o terceiro turno (per\u00edodo noturno). O atendimento \u00e9 realizado todas as segundas-feiras, das 18h30 \u00e0s 21h30. No terceiro turno s\u00e3o feitos atendimentos por agendamento, para pacientes com doen\u00e7as cr\u00f4nicas e a coleta do exame citopatol\u00f3gico para mulheres. Para a residente Vanessa Nascimento dos Santos, 24 anos, profissional de Educa\u00e7\u00e3o F\u00edsica, a Resid\u00eancia Multiprofissional em Sa\u00fade da Fam\u00edlia \u00e9 um programa que proporciona aos profissionais residentes uma viv\u00eancia de intensidade e amplitude em diversas \u00e1reas de atua\u00e7\u00e3o, \u201cPara mim \u00e9 uma experi\u00eancia rica em conhecimentos e aprendizados. Com certeza ir\u00e1 agregar muito na minha carreira depois de formada. Vou sair do programa como especialista em Sa\u00fade da Fam\u00edlia, com uma vis\u00e3o mais ampla e voltada para o bem-estar da comunidade\u201d, destacou a residente.<\/p>\n\n\n\n<p>A Coordenadora do colegiado de preceptores, Elisiane Bisognin destaca que o objetivo do programa \u00e9 oferecer para os residentes, experi\u00eancia pr\u00e1tica para sua forma\u00e7\u00e3o e para a popula\u00e7\u00e3o, um atendimento adequado e de qualidade, \u201cA resid\u00eancia multiprofissional contribui de forma significativa no fortalecimento do SUS, pois agrega cuidado em abordagem multiprofissional no dia-a-dia das unidades de sa\u00fade e contribui na qualifica\u00e7\u00e3o dos profissionais na sa\u00fade da fam\u00edlia\u201d. A Aten\u00e7\u00e3o Prim\u00e1ria em Sa\u00fade tem como porta de entrada as Unidades B\u00e1sicas de Sa\u00fade. \u00c9 nesse espa\u00e7o que as equipes de residentes atuam junto aos outros profissionais de sa\u00fade, criando estrat\u00e9gias que visam o bem-estar f\u00edsico, mental e social.<br><br>O Programa de Resid\u00eancia Multiprofissional em Sa\u00fade da Fam\u00edlia \u00e9 um projeto firmado entre a UNIJU\u00cd &#8211; Universidade Regional do Noroeste do Estado do Rio Grande do Sul e a FUMSSAR \u2013 Funda\u00e7\u00e3o Municipal de Sa\u00fade de Santa Rosa. Atualmente possui 18 profissionais de diversas \u00e1reas. Os residentes atuam tamb\u00e9m em a\u00e7\u00f5es interdisciplinares como o Programa de Sa\u00fade na Escola.<\/p>\n","protected":false},"excerpt":{"rendered":"<p>A Unidade B\u00e1sica de Sa\u00fade Planalto \u00e9 uma, das seis UBS\u2019s de Santa Rosa, contemplada&#8230;<\/p>\n","protected":false},"author":36,"featured_media":19283,"comment_status":"closed","ping_status":"closed","sticky":false,"template":"","format":"standard","meta":{"footnotes":""},"categories":[2],"tags":[],"_links":{"self":[{"href":"http:\/\/www.fumssar.com.br\/index.php?rest_route=\/wp\/v2\/posts\/19282"}],"collection":[{"href":"http:\/\/www.fumssar.com.br\/index.php?rest_route=\/wp\/v2\/posts"}],"about":[{"href":"http:\/\/www.fumssar.com.br\/index.php?rest_route=\/wp\/v2\/types\/post"}],"author":[{"embeddable":true,"href":"http:\/\/www.fumssar.com.br\/index.php?rest_route=\/wp\/v2\/users\/36"}],"replies":[{"embeddable":true,"href":"http:\/\/www.fumssar.com.br\/index.php?rest_route=%2Fwp%2Fv2%2Fcomments&post=19282"}],"version-history":[{"count":1,"href":"http:\/\/www.fumssar.com.br\/index.php?rest_route=\/wp\/v2\/posts\/19282\/revisions"}],"predecessor-version":[{"id":19284,"href":"http:\/\/www.fumssar.com.br\/index.php?rest_route=\/wp\/v2\/posts\/19282\/revisions\/19284"}],"wp:featuredmedia":[{"embeddable":true,"href":"http:\/\/www.fumssar.com.br\/index.php?rest_route=\/wp\/v2\/media\/19283"}],"wp:attachment":[{"href":"http:\/\/www.fumssar.com.br\/index.php?rest_route=%2Fwp%2Fv2%2Fmedia&parent=19282"}],"wp:term":[{"taxonomy":"category","embeddable":true,"href":"http:\/\/www.fumssar.com.br\/index.php?rest_route=%2Fwp%2Fv2%2Fcategories&post=19282"},{"taxonomy":"post_tag","embeddable":true,"href":"http:\/\/www.fumssar.com.br\/index.php?rest_route=%2Fwp%2Fv2%2Ftags&post=19282"}],"curies":[{"name":"wp","href":"https:\/\/api.w.org\/{rel}","templated":true}]}}