{"id":19249,"date":"2021-10-08T15:57:31","date_gmt":"2021-10-08T18:57:31","guid":{"rendered":"http:\/\/www.fumssar.com.br\/?p=19249"},"modified":"2024-10-07T16:33:45","modified_gmt":"2024-10-07T19:33:45","slug":"santa-rosa-recebe-novo-lote-de-doses-para-vacinacao-contra-a-covid-19","status":"publish","type":"post","link":"http:\/\/www.fumssar.com.br\/?p=19249","title":{"rendered":"Santa Rosa recebe novo lote de doses para vacina\u00e7\u00e3o contra a COVID-19"},"content":{"rendered":"\n<figure class=\"wp-block-image\"><img loading=\"lazy\" decoding=\"async\" width=\"714\" height=\"714\" src=\"https:\/\/www.fumssar.com.br\/wp-content\/uploads\/2021\/10\/FB_IMG_1633719098506.jpg\" alt=\"\" class=\"wp-image-19250\" srcset=\"http:\/\/www.fumssar.com.br\/wp-content\/uploads\/2021\/10\/FB_IMG_1633719098506.jpg 714w, http:\/\/www.fumssar.com.br\/wp-content\/uploads\/2021\/10\/FB_IMG_1633719098506-150x150.jpg 150w, http:\/\/www.fumssar.com.br\/wp-content\/uploads\/2021\/10\/FB_IMG_1633719098506-300x300.jpg 300w\" sizes=\"(max-width: 714px) 100vw, 714px\" \/><\/figure>\n\n\n\n<p>A Funda\u00e7\u00e3o Municipal de Sa\u00fade de Santa Rosa informa que recebeu na quinta-feira (07), um novo lote de doses para vacina\u00e7\u00e3o contra a COVID-19. A SES\/RS distribuiu para Santa Rosa, 3.261 novas doses para D2 (Segunda Dose) e 294 para DR (Dose de Refor\u00e7o).<\/p>\n\n\n\n<p><br>A imuniza\u00e7\u00e3o de D1 (Primeira Dose) segue acontecendo para o p\u00fablico a partir dos 14 anos, atrav\u00e9s do agendamento pr\u00e9vio, por telefone ou presencial, ou conforme o gerenciamento de cada UBS, at\u00e9 terminarem os estoques. A D2 (Segunda Dose) e as doses de refor\u00e7o tamb\u00e9m devem ser agendadas. Os moradores de Santa Rosa que forem se vacinar precisam levar documento com foto, CPF, cart\u00e3o SUS e caderneta de vacina\u00e7\u00e3o. Para os jovens a partir dos 15 anos \u00e9 necess\u00e1rio o acompanhamento dos pais ou respons\u00e1veis.<\/p>\n\n\n\n<p><br>At\u00e9 o momento, j\u00e1 foram realizadas 102.240 vacinas. Do total, 57.569 foram de D1 (Primeira Dose), essa quantidade corresponde a 78% da popula\u00e7\u00e3o vacinada, 41.718 de D2 (Segunda Dose) e 2.260 de D.U (Dose \u00danica), sendo assim temos 43.978 pessoas com a imuniza\u00e7\u00e3o completa, 60% dos santa-rosenses. Al\u00e9m disso, j\u00e1 foram aplicadas 693 Doses de Refor\u00e7o (DR). As Doses de Refor\u00e7o est\u00e3o sendo realizadas em idosos acima de 60 anos que completaram o esquema vacinal das duas doses ou dose \u00fanica h\u00e1 06 meses e para pessoas com alto grau de imunossupress\u00e3o: Imunodefici\u00eancia prim\u00e1ria grave; Quimioterapia para c\u00e2ncer; Transplantados de \u00f3rg\u00e3o s\u00f3lido ou de c\u00e9lulas tronco hematopoi\u00e9ticas (TCTH) em uso de drogas imunossupressoras e Pessoas vivendo com HIV com CD4, com intervalo de 28 dias ap\u00f3s a \u00faltima dose.<\/p>\n","protected":false},"excerpt":{"rendered":"<p>A Funda\u00e7\u00e3o Municipal de Sa\u00fade de Santa Rosa informa que recebeu na quinta-feira (07), um&#8230;<\/p>\n","protected":false},"author":36,"featured_media":19250,"comment_status":"closed","ping_status":"closed","sticky":false,"template":"","format":"standard","meta":{"footnotes":""},"categories":[152,2],"tags":[],"_links":{"self":[{"href":"http:\/\/www.fumssar.com.br\/index.php?rest_route=\/wp\/v2\/posts\/19249"}],"collection":[{"href":"http:\/\/www.fumssar.com.br\/index.php?rest_route=\/wp\/v2\/posts"}],"about":[{"href":"http:\/\/www.fumssar.com.br\/index.php?rest_route=\/wp\/v2\/types\/post"}],"author":[{"embeddable":true,"href":"http:\/\/www.fumssar.com.br\/index.php?rest_route=\/wp\/v2\/users\/36"}],"replies":[{"embeddable":true,"href":"http:\/\/www.fumssar.com.br\/index.php?rest_route=%2Fwp%2Fv2%2Fcomments&post=19249"}],"version-history":[{"count":1,"href":"http:\/\/www.fumssar.com.br\/index.php?rest_route=\/wp\/v2\/posts\/19249\/revisions"}],"predecessor-version":[{"id":19251,"href":"http:\/\/www.fumssar.com.br\/index.php?rest_route=\/wp\/v2\/posts\/19249\/revisions\/19251"}],"wp:featuredmedia":[{"embeddable":true,"href":"http:\/\/www.fumssar.com.br\/index.php?rest_route=\/wp\/v2\/media\/19250"}],"wp:attachment":[{"href":"http:\/\/www.fumssar.com.br\/index.php?rest_route=%2Fwp%2Fv2%2Fmedia&parent=19249"}],"wp:term":[{"taxonomy":"category","embeddable":true,"href":"http:\/\/www.fumssar.com.br\/index.php?rest_route=%2Fwp%2Fv2%2Fcategories&post=19249"},{"taxonomy":"post_tag","embeddable":true,"href":"http:\/\/www.fumssar.com.br\/index.php?rest_route=%2Fwp%2Fv2%2Ftags&post=19249"}],"curies":[{"name":"wp","href":"https:\/\/api.w.org\/{rel}","templated":true}]}}