{"id":19225,"date":"2021-10-05T09:25:02","date_gmt":"2021-10-05T12:25:02","guid":{"rendered":"http:\/\/www.fumssar.com.br\/?p=19225"},"modified":"2024-10-07T16:33:45","modified_gmt":"2024-10-07T19:33:45","slug":"santa-rosa-ja-aplicou-mais-de-100-mil-doses-contra-a-covid-19","status":"publish","type":"post","link":"http:\/\/www.fumssar.com.br\/?p=19225","title":{"rendered":"Santa Rosa j\u00e1 aplicou mais de 100 mil doses contra a COVID-19"},"content":{"rendered":"\n<figure class=\"wp-block-image\"><img loading=\"lazy\" decoding=\"async\" width=\"1024\" height=\"768\" src=\"https:\/\/www.fumssar.com.br\/wp-content\/uploads\/2021\/10\/WhatsApp-Image-2021-10-05-at-08.43.27-1024x768.jpeg\" alt=\"\" class=\"wp-image-19226\" srcset=\"http:\/\/www.fumssar.com.br\/wp-content\/uploads\/2021\/10\/WhatsApp-Image-2021-10-05-at-08.43.27-1024x768.jpeg 1024w, http:\/\/www.fumssar.com.br\/wp-content\/uploads\/2021\/10\/WhatsApp-Image-2021-10-05-at-08.43.27-300x225.jpeg 300w, http:\/\/www.fumssar.com.br\/wp-content\/uploads\/2021\/10\/WhatsApp-Image-2021-10-05-at-08.43.27-768x576.jpeg 768w, http:\/\/www.fumssar.com.br\/wp-content\/uploads\/2021\/10\/WhatsApp-Image-2021-10-05-at-08.43.27.jpeg 1280w\" sizes=\"(max-width: 1024px) 100vw, 1024px\" \/><\/figure>\n\n\n\n<p>A Funda\u00e7\u00e3o Municipal de Sa\u00fade de Santa Rosa j\u00e1 aplicou 100.083 doses contra a COVID-19. Do total, 56.761 foram de D1 (Primeira Dose), essa quantidade corresponde a 77,4% da popula\u00e7\u00e3o vacinada, 40.503 foram de D2 (Segunda Dose) e 2.260 de D.U (Dose \u00danica), sendo assim temos 42.763 pessoas com a imuniza\u00e7\u00e3o completa, 58,3% dos santa-rosenses. Al\u00e9m disso, j\u00e1 foram aplicadas tamb\u00e9m, 559 Doses de Refor\u00e7o (DR).  Os dados s\u00e3o do \u00faltimo informativo da campanha divulgado nesta ter\u00e7a-feira (05). Os registros est\u00e3o de acordo com os dados fornecidos pela SES\/RS.<br><br>A vacina\u00e7\u00e3o segue para pessoas a partir dos 14 anos. Os jovens que forem se vacinar, precisam ir acompanhados dos pais ou respons\u00e1vel legal ou devem levar a declara\u00e7\u00e3o do participante da vacina\u00e7\u00e3o preenchida pelos pais\/respons\u00e1veis. A declara\u00e7\u00e3o \u00e9 disponibilizada pela Unidade B\u00e1sica de Sa\u00fade. Tamb\u00e9m est\u00e3o sendo realizadas as doses de refor\u00e7o em idosos acima de 60 anos que completaram o esquema vacinal das duas doses ou dose \u00fanica h\u00e1 06 meses e para pessoas com alto grau de imunossupress\u00e3o: Imunodefici\u00eancia prim\u00e1ria grave; Quimioterapia para c\u00e2ncer; Transplantados de \u00f3rg\u00e3o s\u00f3lido ou de c\u00e9lulas tronco hematopoi\u00e9ticas (TCTH) em uso de drogas imunossupressoras e Pessoas vivendo com HIV com CD4, com intervalo de 28 dias ap\u00f3s a \u00faltima dose. <br><br> As doses est\u00e3o sendo aplicadas em todas as Unidades B\u00e1sicas de Sa\u00fade, at\u00e9 terminarem os estoques. O atendimento \u00e9 mediante agendamento pr\u00e9vio por telefone ou presencial, ou conforme o gerenciamento de cada UBS. Os moradores de Santa Rosa que forem se vacinar precisam levar documento com foto, CPF, cart\u00e3o SUS e caderneta de vacina\u00e7\u00e3o.<\/p>\n","protected":false},"excerpt":{"rendered":"<p>A Funda\u00e7\u00e3o Municipal de Sa\u00fade de Santa Rosa j\u00e1 aplicou 100.083 doses contra a COVID-19&#8230;.<\/p>\n","protected":false},"author":36,"featured_media":19226,"comment_status":"closed","ping_status":"closed","sticky":false,"template":"","format":"standard","meta":{"footnotes":""},"categories":[152,2],"tags":[],"_links":{"self":[{"href":"http:\/\/www.fumssar.com.br\/index.php?rest_route=\/wp\/v2\/posts\/19225"}],"collection":[{"href":"http:\/\/www.fumssar.com.br\/index.php?rest_route=\/wp\/v2\/posts"}],"about":[{"href":"http:\/\/www.fumssar.com.br\/index.php?rest_route=\/wp\/v2\/types\/post"}],"author":[{"embeddable":true,"href":"http:\/\/www.fumssar.com.br\/index.php?rest_route=\/wp\/v2\/users\/36"}],"replies":[{"embeddable":true,"href":"http:\/\/www.fumssar.com.br\/index.php?rest_route=%2Fwp%2Fv2%2Fcomments&post=19225"}],"version-history":[{"count":1,"href":"http:\/\/www.fumssar.com.br\/index.php?rest_route=\/wp\/v2\/posts\/19225\/revisions"}],"predecessor-version":[{"id":19227,"href":"http:\/\/www.fumssar.com.br\/index.php?rest_route=\/wp\/v2\/posts\/19225\/revisions\/19227"}],"wp:featuredmedia":[{"embeddable":true,"href":"http:\/\/www.fumssar.com.br\/index.php?rest_route=\/wp\/v2\/media\/19226"}],"wp:attachment":[{"href":"http:\/\/www.fumssar.com.br\/index.php?rest_route=%2Fwp%2Fv2%2Fmedia&parent=19225"}],"wp:term":[{"taxonomy":"category","embeddable":true,"href":"http:\/\/www.fumssar.com.br\/index.php?rest_route=%2Fwp%2Fv2%2Fcategories&post=19225"},{"taxonomy":"post_tag","embeddable":true,"href":"http:\/\/www.fumssar.com.br\/index.php?rest_route=%2Fwp%2Fv2%2Ftags&post=19225"}],"curies":[{"name":"wp","href":"https:\/\/api.w.org\/{rel}","templated":true}]}}