{"id":19214,"date":"2021-10-01T17:06:37","date_gmt":"2021-10-01T20:06:37","guid":{"rendered":"http:\/\/www.fumssar.com.br\/?p=19214"},"modified":"2024-10-07T16:33:45","modified_gmt":"2024-10-07T19:33:45","slug":"santa-rosa-inicia-vacinacao-para-pessoas-a-partir-dos-14-anos","status":"publish","type":"post","link":"http:\/\/www.fumssar.com.br\/?p=19214","title":{"rendered":"Santa Rosa inicia vacina\u00e7\u00e3o para pessoas a partir dos 14 anos"},"content":{"rendered":"\n<figure class=\"wp-block-image\"><img loading=\"lazy\" decoding=\"async\" width=\"1024\" height=\"768\" src=\"https:\/\/www.fumssar.com.br\/wp-content\/uploads\/2021\/10\/WhatsApp-Image-2021-10-01-at-15.10.17-1024x768.jpeg\" alt=\"\" class=\"wp-image-19215\" srcset=\"http:\/\/www.fumssar.com.br\/wp-content\/uploads\/2021\/10\/WhatsApp-Image-2021-10-01-at-15.10.17-1024x768.jpeg 1024w, http:\/\/www.fumssar.com.br\/wp-content\/uploads\/2021\/10\/WhatsApp-Image-2021-10-01-at-15.10.17-300x225.jpeg 300w, http:\/\/www.fumssar.com.br\/wp-content\/uploads\/2021\/10\/WhatsApp-Image-2021-10-01-at-15.10.17-768x576.jpeg 768w, http:\/\/www.fumssar.com.br\/wp-content\/uploads\/2021\/10\/WhatsApp-Image-2021-10-01-at-15.10.17.jpeg 1280w\" sizes=\"(max-width: 1024px) 100vw, 1024px\" \/><\/figure>\n\n\n\n<p>A Funda\u00e7\u00e3o Municipal de Sa\u00fade de Santa Rosa informa que a partir de segunda-feira (04), vai avan\u00e7ar na vacina\u00e7\u00e3o por faixa et\u00e1ria. O atendimento ser\u00e1 a partir da 13h30 e ser\u00e3o vacinadas pessoas a partir dos 14 anos. Os jovens que forem se vacinar, precisam ir acompanhados dos pais ou respons\u00e1vel legal ou devem levar a declara\u00e7\u00e3o do participante da vacina\u00e7\u00e3o preenchida pelos pais. A declara\u00e7\u00e3o \u00e9 disponibilizada pela Unidade B\u00e1sica de Sa\u00fade.<br><br> A aplica\u00e7\u00e3o das doses ser\u00e1 feita em todas as Unidades B\u00e1sicas de Sa\u00fade at\u00e9 terminarem os estoques. O atendimento \u00e9 mediante agendamento pr\u00e9vio, por telefone ou presencial, ou conforme o gerenciamento de cada unidade. As doses s\u00e3o com o imunizante da Pfizer, o \u00fanico que pode ser aplicado em menores de 18 anos no Brasil, de acordo com a Anvisa.<br><br> At\u00e9 o momento, j\u00e1 foram realizadas 98.237 vacinas. Do total, 56.373 foram de D1 (Primeira Dose), essa quantidade corresponde a 76,9% da popula\u00e7\u00e3o vacinada, 39.084 de D2 (Segunda Dose) e 2.260 de D.U (Dose \u00danica), sendo assim temos 41.334 pessoas com a imuniza\u00e7\u00e3o completa, 56,4% dos santa-rosenses. Al\u00e9m disso, j\u00e1 foram aplicadas 520 Doses de Refor\u00e7o (DR). <br> Os moradores de Santa Rosa que forem se vacinar precisam levar documento com foto, CPF, cart\u00e3o SUS e caderneta de vacina\u00e7\u00e3o.<br><br>A FUMSSAR refor\u00e7a que a equipe de apoio e monitoramento n\u00e3o est\u00e1 mais ativa. Os pacientes que necessitam agendar testes podem entrar em contato atrav\u00e9s dos n\u00fameros (55) 9.9624-4348 ou (55) 9.9661-2842, no per\u00edodo das 09h30 \u00e0s 11h30 e das 13h30 \u00e0s 17h30 de segunda \u00e0 sexta-feira. As pessoas com sintomas suspeitos da COVID-19, que necessitarem de atendimento, devem procurar a Unidade Sentinela do Centro, localizada na Rua Buenos Aires, 40. Os casos graves, de urg\u00eancia e emerg\u00eancia podem ser encaminhados para a UPA \u2013 Unidade de Pronto Atendimento.<\/p>\n","protected":false},"excerpt":{"rendered":"<p>A Funda\u00e7\u00e3o Municipal de Sa\u00fade de Santa Rosa informa que a partir de segunda-feira (04),&#8230;<\/p>\n","protected":false},"author":36,"featured_media":19215,"comment_status":"closed","ping_status":"closed","sticky":false,"template":"","format":"standard","meta":{"footnotes":""},"categories":[152,2],"tags":[],"_links":{"self":[{"href":"http:\/\/www.fumssar.com.br\/index.php?rest_route=\/wp\/v2\/posts\/19214"}],"collection":[{"href":"http:\/\/www.fumssar.com.br\/index.php?rest_route=\/wp\/v2\/posts"}],"about":[{"href":"http:\/\/www.fumssar.com.br\/index.php?rest_route=\/wp\/v2\/types\/post"}],"author":[{"embeddable":true,"href":"http:\/\/www.fumssar.com.br\/index.php?rest_route=\/wp\/v2\/users\/36"}],"replies":[{"embeddable":true,"href":"http:\/\/www.fumssar.com.br\/index.php?rest_route=%2Fwp%2Fv2%2Fcomments&post=19214"}],"version-history":[{"count":1,"href":"http:\/\/www.fumssar.com.br\/index.php?rest_route=\/wp\/v2\/posts\/19214\/revisions"}],"predecessor-version":[{"id":19216,"href":"http:\/\/www.fumssar.com.br\/index.php?rest_route=\/wp\/v2\/posts\/19214\/revisions\/19216"}],"wp:featuredmedia":[{"embeddable":true,"href":"http:\/\/www.fumssar.com.br\/index.php?rest_route=\/wp\/v2\/media\/19215"}],"wp:attachment":[{"href":"http:\/\/www.fumssar.com.br\/index.php?rest_route=%2Fwp%2Fv2%2Fmedia&parent=19214"}],"wp:term":[{"taxonomy":"category","embeddable":true,"href":"http:\/\/www.fumssar.com.br\/index.php?rest_route=%2Fwp%2Fv2%2Fcategories&post=19214"},{"taxonomy":"post_tag","embeddable":true,"href":"http:\/\/www.fumssar.com.br\/index.php?rest_route=%2Fwp%2Fv2%2Ftags&post=19214"}],"curies":[{"name":"wp","href":"https:\/\/api.w.org\/{rel}","templated":true}]}}