{"id":19207,"date":"2021-09-30T20:53:36","date_gmt":"2021-09-30T23:53:36","guid":{"rendered":"http:\/\/www.fumssar.com.br\/?p=19207"},"modified":"2024-10-07T16:33:45","modified_gmt":"2024-10-07T19:33:45","slug":"ambulatorio-e-leitos-clinicos-de-covid-sao-encerrados-no-hospital-dom-bosco","status":"publish","type":"post","link":"http:\/\/www.fumssar.com.br\/?p=19207","title":{"rendered":"Ambulat\u00f3rio e leitos cl\u00ednicos da COVID s\u00e3o encerrados no Hospital Dom Bosco"},"content":{"rendered":"\n<figure class=\"wp-block-image\"><img loading=\"lazy\" decoding=\"async\" width=\"1024\" height=\"1024\" src=\"http:\/\/www.fumssar.com.br\/wp-content\/uploads\/2021\/09\/Design-sem-nome-1-1024x1024.png\" alt=\"\" class=\"wp-image-19208\" srcset=\"http:\/\/www.fumssar.com.br\/wp-content\/uploads\/2021\/09\/Design-sem-nome-1-1024x1024.png 1024w, http:\/\/www.fumssar.com.br\/wp-content\/uploads\/2021\/09\/Design-sem-nome-1-150x150.png 150w, http:\/\/www.fumssar.com.br\/wp-content\/uploads\/2021\/09\/Design-sem-nome-1-300x300.png 300w, http:\/\/www.fumssar.com.br\/wp-content\/uploads\/2021\/09\/Design-sem-nome-1-768x768.png 768w, http:\/\/www.fumssar.com.br\/wp-content\/uploads\/2021\/09\/Design-sem-nome-1.png 1080w\" sizes=\"(max-width: 1024px) 100vw, 1024px\" \/><\/figure>\n\n\n\n<p>Com a diminui\u00e7\u00e3o dos casos da COVID-19 e o avan\u00e7o da vacina\u00e7\u00e3o no munic\u00edpio, a Funda\u00e7\u00e3o Municipal de Sa\u00fade de Santa Rosa informa que a partir desta sexta-feira (01), encerra o atendimento no Ambulat\u00f3rio e os leitos cl\u00ednicos da COVID no Hospital Dom Bosco. Os leitos de UTI COVID permanecem ativos.<br><br>As pessoas com sintomas respirat\u00f3rios, que necessitarem de atendimento, devem procurar a Unidade Sentinela do Centro, localizada na Rua Buenos Aires, 40. Os casos de urg\u00eancia e emerg\u00eancia podem ser encaminhados para a UPA \u2013 Unidade de Pronto Atendimento. Os pacientes p\u00f3s-covid podem buscar a UBS \u2013 Unidade B\u00e1sica de Sa\u00fade mais pr\u00f3xima para atendimento. A FUMSSAR informa tamb\u00e9m que a partir de segunda-feira (04), os Boletins divulgados diariamente v\u00e3o passar a ser semanais.<\/p>\n","protected":false},"excerpt":{"rendered":"<p>Com a diminui\u00e7\u00e3o dos casos da COVID-19 e o avan\u00e7o da vacina\u00e7\u00e3o no munic\u00edpio, a&#8230;<\/p>\n","protected":false},"author":36,"featured_media":19208,"comment_status":"closed","ping_status":"closed","sticky":false,"template":"","format":"standard","meta":{"footnotes":""},"categories":[152,2],"tags":[],"_links":{"self":[{"href":"http:\/\/www.fumssar.com.br\/index.php?rest_route=\/wp\/v2\/posts\/19207"}],"collection":[{"href":"http:\/\/www.fumssar.com.br\/index.php?rest_route=\/wp\/v2\/posts"}],"about":[{"href":"http:\/\/www.fumssar.com.br\/index.php?rest_route=\/wp\/v2\/types\/post"}],"author":[{"embeddable":true,"href":"http:\/\/www.fumssar.com.br\/index.php?rest_route=\/wp\/v2\/users\/36"}],"replies":[{"embeddable":true,"href":"http:\/\/www.fumssar.com.br\/index.php?rest_route=%2Fwp%2Fv2%2Fcomments&post=19207"}],"version-history":[{"count":2,"href":"http:\/\/www.fumssar.com.br\/index.php?rest_route=\/wp\/v2\/posts\/19207\/revisions"}],"predecessor-version":[{"id":19210,"href":"http:\/\/www.fumssar.com.br\/index.php?rest_route=\/wp\/v2\/posts\/19207\/revisions\/19210"}],"wp:featuredmedia":[{"embeddable":true,"href":"http:\/\/www.fumssar.com.br\/index.php?rest_route=\/wp\/v2\/media\/19208"}],"wp:attachment":[{"href":"http:\/\/www.fumssar.com.br\/index.php?rest_route=%2Fwp%2Fv2%2Fmedia&parent=19207"}],"wp:term":[{"taxonomy":"category","embeddable":true,"href":"http:\/\/www.fumssar.com.br\/index.php?rest_route=%2Fwp%2Fv2%2Fcategories&post=19207"},{"taxonomy":"post_tag","embeddable":true,"href":"http:\/\/www.fumssar.com.br\/index.php?rest_route=%2Fwp%2Fv2%2Ftags&post=19207"}],"curies":[{"name":"wp","href":"https:\/\/api.w.org\/{rel}","templated":true}]}}