{"id":10002,"date":"2017-05-26T08:10:48","date_gmt":"2017-05-26T11:10:48","guid":{"rendered":"http:\/\/www.fumssar.com.br\/?p=10002"},"modified":"2017-05-30T08:15:04","modified_gmt":"2017-05-30T11:15:04","slug":"selecao-publica-edital-10-2017","status":"publish","type":"post","link":"http:\/\/www.fumssar.com.br\/?p=10002","title":{"rendered":"Sele\u00e7\u00e3o P\u00fablica\/ Edital 10.2017"},"content":{"rendered":"<p><a href=\"http:\/\/www.fumssar.com.br\/wp-content\/uploads\/2017\/05\/EDITAL-DE-CONVOCA\u00c7\u00c3O-10.2017-CONTRATO-TEMPO-DETERMINADO-T\u00c9CNICO-DE-ENFERMAGEM.docx\">EDITAL DE CONVOCA\u00c7\u00c3O 10.2017 CONTRATO TEMPO DETERMINADO T\u00c9CNICO DE ENFERMAGEM<\/a><\/p>\n<p align=\"center\">EDITAL DE CONVOCA\u00c7\u00c3O N.\u00ba 10\/2017<\/p>\n<p>&nbsp;<\/p>\n<p><b>O Presidente da Funda\u00e7\u00e3o Municipal de Sa\u00fade de Santa Rosa, <\/b>no uso de suas atribui\u00e7\u00f5es legais, conforme Lei Complementar n.\u00ba 37, de 21 de novembro de 2007 e Lei n.\u00ba 4.629, de 04 de mar\u00e7o de 2010, CONVOCA os candidatos aprovados no Concurso P\u00fablico 001\/2015 no cargo de <b>T\u00e9cnico de Enfermagem<\/b>, conforme segue abaixo, para manifestar o interesse em assumir o cargo por tempo determinado (contrato tempor\u00e1rio de at\u00e9 cento e oitenta dias), para entregarem junto a Se\u00e7\u00e3o de Pessoal da Funda\u00e7\u00e3o Municipal de Sa\u00fade de Santa Rosa, sito \u00e0 Rua: Dr Franscico Timm, 480, Centro, Santa Rosa, nos dias 30 de maio \u00e0 01 de junho de 2017 a declara\u00e7\u00e3o de interesse no referido cargo. Ser\u00e1 contratado 01 (um) candidato, dentre os interessados ser\u00e1 aquele que obteve a melhor classifica\u00e7\u00e3o no Concurso P\u00fablico n\u00ba. 001\/2015, obedecida \u00e0 ordem crescente. Ser\u00e3o considerados tacitamente desistentes os candidatos que n\u00e3o manifestarem interesse. Ser\u00e1 publicado no dia 03 de junho de 2017 a classifica\u00e7\u00e3o dos candidatos melhores classificados que manifestar\u00e3o interesse. O candidato melhor classificado tem o prazo de 15 (quinze) dias para assumir o referido cargo ap\u00f3s a publica\u00e7\u00e3o da classifica\u00e7\u00e3o.<\/p>\n<p>&nbsp;<\/p>\n<p>Concurso P\u00fablico 001\/2015 T\u00e9cnico de Enfermagem- Classifica\u00e7\u00e3o (5\u00ba ao 20\u00ba colocado)<\/p>\n<p>&nbsp;<\/p>\n<p>DENIZE MARIA WICKERT \u00a0\u00a0\u00a0\u00a0\u00a0\u00a0\u00a0\u00a0\u00a0\u00a0\u00a0\u00a0\u00a0\u00a0\u00a0\u00a0\u00a0\u00a0\u00a0\u00a0\u00a0\u00a0\u00a0\u00a0\u00a0\u00a0\u00a0\u00a0\u00a0\u00a0\u00a0 Classificado 5\u00ba<\/p>\n<p>CARLA MAIARA MUCHA\u00a0\u00a0\u00a0\u00a0\u00a0\u00a0\u00a0\u00a0\u00a0\u00a0\u00a0\u00a0\u00a0\u00a0\u00a0\u00a0\u00a0\u00a0\u00a0\u00a0\u00a0\u00a0\u00a0\u00a0\u00a0\u00a0\u00a0\u00a0\u00a0\u00a0\u00a0\u00a0\u00a0 \u00a0 Classificado 6\u00ba<\/p>\n<p>\u00c2NGELA TERESINHA TAMINSKY \u00a0\u00a0\u00a0\u00a0\u00a0\u00a0\u00a0\u00a0\u00a0\u00a0\u00a0\u00a0\u00a0\u00a0\u00a0\u00a0\u00a0 \u00a0Classificado 7\u00ba<\/p>\n<p>CRISTIANE WATHIER\u00a0\u00a0\u00a0\u00a0\u00a0\u00a0\u00a0\u00a0\u00a0\u00a0\u00a0\u00a0\u00a0\u00a0\u00a0\u00a0\u00a0\u00a0\u00a0\u00a0\u00a0\u00a0\u00a0\u00a0\u00a0\u00a0\u00a0\u00a0\u00a0\u00a0\u00a0\u00a0\u00a0\u00a0\u00a0\u00a0\u00a0\u00a0\u00a0\u00a0 Classificado 8\u00ba<\/p>\n<p>ELIDIANE VENTURINI \u00a0\u00a0\u00a0\u00a0\u00a0\u00a0\u00a0\u00a0\u00a0\u00a0\u00a0\u00a0\u00a0\u00a0\u00a0\u00a0\u00a0\u00a0\u00a0\u00a0\u00a0\u00a0\u00a0\u00a0\u00a0\u00a0\u00a0\u00a0\u00a0\u00a0\u00a0\u00a0\u00a0\u00a0\u00a0\u00a0\u00a0 Classificado 9\u00ba<\/p>\n<p>MARLENE BERNARDI \u00a0\u00a0\u00a0\u00a0\u00a0\u00a0\u00a0\u00a0\u00a0\u00a0\u00a0\u00a0\u00a0\u00a0\u00a0\u00a0\u00a0\u00a0\u00a0\u00a0\u00a0\u00a0\u00a0\u00a0\u00a0\u00a0\u00a0\u00a0\u00a0\u00a0\u00a0\u00a0\u00a0\u00a0\u00a0\u00a0\u00a0\u00a0 Classificado 10\u00ba<\/p>\n<p>TATIANA MARCKS DA SILVA \u00a0\u00a0\u00a0\u00a0\u00a0\u00a0\u00a0\u00a0\u00a0\u00a0\u00a0\u00a0\u00a0\u00a0\u00a0\u00a0\u00a0\u00a0\u00a0\u00a0\u00a0\u00a0\u00a0\u00a0 Classificado 11\u00ba<\/p>\n<p>JENIFER RAFAELA EWERLING \u00a0\u00a0\u00a0\u00a0\u00a0\u00a0\u00a0\u00a0\u00a0\u00a0\u00a0\u00a0\u00a0\u00a0\u00a0\u00a0\u00a0\u00a0\u00a0\u00a0 Classificado 12\u00ba<\/p>\n<p>TASSIANA BORCHEIDT \u00a0\u00a0\u00a0\u00a0\u00a0\u00a0\u00a0\u00a0\u00a0\u00a0\u00a0\u00a0\u00a0\u00a0\u00a0\u00a0\u00a0\u00a0\u00a0\u00a0\u00a0\u00a0\u00a0\u00a0 \u00a0\u00a0\u00a0\u00a0\u00a0\u00a0\u00a0\u00a0\u00a0\u00a0\u00a0 Classificado 13\u00ba<\/p>\n<p>LEONILDA DA SILVA SANTANA \u00a0\u00a0\u00a0\u00a0\u00a0\u00a0\u00a0\u00a0\u00a0\u00a0\u00a0\u00a0\u00a0\u00a0\u00a0\u00a0\u00a0\u00a0\u00a0 Classificado 14\u00ba<\/p>\n<p>OULAIDE MARIA BRUMMELHAUS \u00a0\u00a0\u00a0\u00a0\u00a0\u00a0\u00a0\u00a0\u00a0\u00a0\u00a0\u00a0\u00a0\u00a0 Classificado 15\u00ba<\/p>\n<p>LUCIANA ANDR\u00c9A DA ROSA \u00a0\u00a0\u00a0\u00a0\u00a0\u00a0\u00a0\u00a0\u00a0\u00a0\u00a0\u00a0\u00a0\u00a0\u00a0\u00a0\u00a0\u00a0\u00a0\u00a0\u00a0\u00a0\u00a0\u00a0 Classificado 16\u00ba<\/p>\n<p>MARIA REGINA LEMOS DE MOURA \u00a0\u00a0\u00a0\u00a0\u00a0\u00a0\u00a0\u00a0\u00a0\u00a0\u00a0\u00a0 Classificado 17\u00ba<\/p>\n<p>MELISSA SAMPAIO GUEDES \u00a0\u00a0\u00a0\u00a0\u00a0\u00a0\u00a0\u00a0\u00a0\u00a0\u00a0\u00a0\u00a0\u00a0 \u00a0\u00a0\u00a0\u00a0\u00a0\u00a0\u00a0\u00a0\u00a0\u00a0\u00a0 Classificado 18\u00ba<\/p>\n<p>MARLUCE FROHLICH SCHERF\u00a0\u00a0\u00a0\u00a0\u00a0\u00a0\u00a0\u00a0\u00a0\u00a0\u00a0 \u00a0\u00a0\u00a0\u00a0\u00a0\u00a0\u00a0\u00a0\u00a0\u00a0\u00a0 Classificado 19\u00ba<\/p>\n<p>RUBIA ESTER VEIGA DOS SANTOS \u00a0\u00a0\u00a0\u00a0\u00a0\u00a0\u00a0\u00a0\u00a0\u00a0\u00a0\u00a0\u00a0\u00a0 Classificado 20\u00ba<\/p>\n<p>&nbsp;<\/p>\n<p>&nbsp;<\/p>\n<p>&nbsp;<\/p>\n<p>PRESIDENTE DA FUNDA\u00c7\u00c3O MUNICIPAL DE SA\u00daDE DE SANTA ROSA, 26 DE MAIO DE 2017.<\/p>\n<p>&nbsp;<\/p>\n<p>&nbsp;<\/p>\n<p>ANDERSON MANTEI\u00a0\u00a0\u00a0\u00a0\u00a0\u00a0\u00a0\u00a0\u00a0\u00a0\u00a0\u00a0\u00a0\u00a0\u00a0\u00a0\u00a0\u00a0\u00a0\u00a0\u00a0\u00a0\u00a0\u00a0\u00a0\u00a0\u00a0 \u00a0\u00a0\u00a0\u00a0\u00a0\u00a0\u00a0\u00a0\u00a0\u00a0\u00a0\u00a0\u00a0\u00a0\u00a0\u00a0\u00a0\u00a0\u00a0 ROG\u00c9RIO SILVA DOS SANTOS<\/p>\n<p>Presidente da FUMSSAR\u00a0\u00a0\u00a0\u00a0\u00a0\u00a0\u00a0\u00a0\u00a0\u00a0\u00a0\u00a0\u00a0\u00a0\u00a0\u00a0\u00a0\u00a0\u00a0\u00a0\u00a0\u00a0\u00a0\u00a0\u00a0\u00a0\u00a0\u00a0\u00a0\u00a0\u00a0\u00a0\u00a0\u00a0\u00a0\u00a0\u00a0\u00a0\u00a0\u00a0\u00a0\u00a0\u00a0\u00a0\u00a0\u00a0\u00a0\u00a0\u00a0\u00a0\u00a0\u00a0 Diretor de Gest\u00e3o Administrativa<\/p>\n<p>&nbsp;<\/p>\n<p>&nbsp;<\/p>\n<p>&nbsp;<\/p>\n<p>&nbsp;<\/p>\n","protected":false},"excerpt":{"rendered":"<p>EDITAL DE CONVOCA\u00c7\u00c3O 10.2017 CONTRATO TEMPO DETERMINADO T\u00c9CNICO DE ENFERMAGEM EDITAL DE CONVOCA\u00c7\u00c3O N.\u00ba 10\/2017&#8230;<\/p>\n","protected":false},"author":13,"featured_media":0,"comment_status":"open","ping_status":"open","sticky":false,"template":"","format":"standard","meta":{"footnotes":""},"categories":[93],"tags":[],"_links":{"self":[{"href":"http:\/\/www.fumssar.com.br\/index.php?rest_route=\/wp\/v2\/posts\/10002"}],"collection":[{"href":"http:\/\/www.fumssar.com.br\/index.php?rest_route=\/wp\/v2\/posts"}],"about":[{"href":"http:\/\/www.fumssar.com.br\/index.php?rest_route=\/wp\/v2\/types\/post"}],"author":[{"embeddable":true,"href":"http:\/\/www.fumssar.com.br\/index.php?rest_route=\/wp\/v2\/users\/13"}],"replies":[{"embeddable":true,"href":"http:\/\/www.fumssar.com.br\/index.php?rest_route=%2Fwp%2Fv2%2Fcomments&post=10002"}],"version-history":[{"count":2,"href":"http:\/\/www.fumssar.com.br\/index.php?rest_route=\/wp\/v2\/posts\/10002\/revisions"}],"predecessor-version":[{"id":10004,"href":"http:\/\/www.fumssar.com.br\/index.php?rest_route=\/wp\/v2\/posts\/10002\/revisions\/10004"}],"wp:attachment":[{"href":"http:\/\/www.fumssar.com.br\/index.php?rest_route=%2Fwp%2Fv2%2Fmedia&parent=10002"}],"wp:term":[{"taxonomy":"category","embeddable":true,"href":"http:\/\/www.fumssar.com.br\/index.php?rest_route=%2Fwp%2Fv2%2Fcategories&post=10002"},{"taxonomy":"post_tag","embeddable":true,"href":"http:\/\/www.fumssar.com.br\/index.php?rest_route=%2Fwp%2Fv2%2Ftags&post=10002"}],"curies":[{"name":"wp","href":"https:\/\/api.w.org\/{rel}","templated":true}]}}